{"id":7034,"date":"2020-08-21T17:43:02","date_gmt":"2020-08-21T17:43:02","guid":{"rendered":"https:\/\/gaelle-cueff-art.com\/?p=7034"},"modified":"2022-07-19T09:36:46","modified_gmt":"2022-07-19T07:36:46","slug":"exposition-solo-talismarins-coquillages-a-propriano-du-11-au-13-septembre-2020-dans-le-cadre-du-festival-littoral","status":"publish","type":"post","link":"https:\/\/gaelle-cueff-art.com\/en\/2020\/08\/21\/exposition-solo-talismarins-coquillages-a-propriano-du-11-au-13-septembre-2020-dans-le-cadre-du-festival-littoral\/","title":{"rendered":"Exposition solo \u00e0 Propriano du 11 au 13 septembre 2020 dans le cadre du festival LittOral"},"content":{"rendered":"\n<figure class=\"wp-block-image\"><img data-recalc-dims=\"1\" loading=\"lazy\" decoding=\"async\" width=\"724\" height=\"1024\" src=\"https:\/\/i0.wp.com\/gaelle-cueff-art.com\/wp-content\/uploads\/2020\/08\/Littoral_2_AfficheVERTE_A4web.jpg?resize=724%2C1024&#038;ssl=1\" alt=\"\" class=\"wp-image-7035\" srcset=\"https:\/\/i0.wp.com\/gaelle-cueff-art.com\/wp-content\/uploads\/2020\/08\/Littoral_2_AfficheVERTE_A4web.jpg?resize=724%2C1024&amp;ssl=1 724w, https:\/\/i0.wp.com\/gaelle-cueff-art.com\/wp-content\/uploads\/2020\/08\/Littoral_2_AfficheVERTE_A4web.jpg?resize=212%2C300&amp;ssl=1 212w, https:\/\/i0.wp.com\/gaelle-cueff-art.com\/wp-content\/uploads\/2020\/08\/Littoral_2_AfficheVERTE_A4web.jpg?resize=768%2C1086&amp;ssl=1 768w, https:\/\/i0.wp.com\/gaelle-cueff-art.com\/wp-content\/uploads\/2020\/08\/Littoral_2_AfficheVERTE_A4web.jpg?resize=400%2C566&amp;ssl=1 400w, https:\/\/i0.wp.com\/gaelle-cueff-art.com\/wp-content\/uploads\/2020\/08\/Littoral_2_AfficheVERTE_A4web.jpg?resize=510%2C721&amp;ssl=1 510w, https:\/\/i0.wp.com\/gaelle-cueff-art.com\/wp-content\/uploads\/2020\/08\/Littoral_2_AfficheVERTE_A4web.jpg?w=794&amp;ssl=1 794w\" sizes=\"(max-width: 724px) 100vw, 724px\" \/><\/figure>\n\n\n\n<figure class=\"wp-block-image\"><img loading=\"lazy\" decoding=\"async\" width=\"794\" height=\"1123\" src=\"https:\/\/i0.wp.com\/gaelle-cueff-art.com\/wp-content\/uploads\/2020\/08\/Littoral_2_Affichegenerale_A4web-1.jpg?fit=724%2C1024&amp;ssl=1\" alt=\"\" class=\"wp-image-7039\" srcset=\"https:\/\/i0.wp.com\/gaelle-cueff-art.com\/wp-content\/uploads\/2020\/08\/Littoral_2_Affichegenerale_A4web-1.jpg?w=794&amp;ssl=1 794w, https:\/\/i0.wp.com\/gaelle-cueff-art.com\/wp-content\/uploads\/2020\/08\/Littoral_2_Affichegenerale_A4web-1.jpg?resize=212%2C300&amp;ssl=1 212w, https:\/\/i0.wp.com\/gaelle-cueff-art.com\/wp-content\/uploads\/2020\/08\/Littoral_2_Affichegenerale_A4web-1.jpg?resize=768%2C1086&amp;ssl=1 768w, https:\/\/i0.wp.com\/gaelle-cueff-art.com\/wp-content\/uploads\/2020\/08\/Littoral_2_Affichegenerale_A4web-1.jpg?resize=724%2C1024&amp;ssl=1 724w, https:\/\/i0.wp.com\/gaelle-cueff-art.com\/wp-content\/uploads\/2020\/08\/Littoral_2_Affichegenerale_A4web-1.jpg?resize=400%2C566&amp;ssl=1 400w, https:\/\/i0.wp.com\/gaelle-cueff-art.com\/wp-content\/uploads\/2020\/08\/Littoral_2_Affichegenerale_A4web-1.jpg?resize=510%2C721&amp;ssl=1 510w\" sizes=\"(max-width: 794px) 100vw, 794px\" \/><\/figure>\n","protected":false},"excerpt":{"rendered":"","protected":false},"author":208,"featured_media":0,"comment_status":"closed","ping_status":"closed","sticky":false,"template":"","format":"standard","meta":{"_et_pb_use_builder":"off","_et_pb_old_content":"","_et_gb_content_width":"","om_disable_all_campaigns":false,"_monsterinsights_skip_tracking":false,"_monsterinsights_sitenote_active":false,"_monsterinsights_sitenote_note":"","_monsterinsights_sitenote_category":0,"_uf_show_specific_survey":0,"_uf_disable_surveys":false,"jetpack_post_was_ever_published":false,"_jetpack_newsletter_access":"","_jetpack_dont_email_post_to_subs":false,"_jetpack_newsletter_tier_id":0,"_jetpack_memberships_contains_paywalled_content":false,"_jetpack_memberships_contains_paid_content":false,"footnotes":"","jetpack_publicize_message":"","jetpack_publicize_feature_enabled":true,"jetpack_social_post_already_shared":true,"jetpack_social_options":{"image_generator_settings":{"template":"highway","default_image_id":0,"font":"","enabled":false},"version":2}},"categories":[44],"tags":[],"class_list":["post-7034","post","type-post","status-publish","format-standard","hentry","category-expositions"],"aioseo_notices":[],"yoast_head":"<!-- This site is optimized with the Yoast SEO plugin v27.0 - https:\/\/yoast.com\/product\/yoast-seo-wordpress\/ -->\n<title>Exposition solo \u00e0 Propriano du 11 au 13 septembre 2020 dans le cadre du festival LittOral - Ga\u00eblle Cueff Art<\/title>\n<meta name=\"robots\" content=\"index, follow, max-snippet:-1, max-image-preview:large, max-video-preview:-1\" \/>\n<link rel=\"canonical\" href=\"https:\/\/gaelle-cueff-art.com\/2020\/08\/21\/exposition-solo-talismarins-coquillages-a-propriano-du-11-au-13-septembre-2020-dans-le-cadre-du-festival-littoral\/\" \/>\n<meta property=\"og:locale\" content=\"en_US\" \/>\n<meta property=\"og:type\" content=\"article\" \/>\n<meta property=\"og:title\" content=\"Exposition solo \u00e0 Propriano du 11 au 13 septembre 2020 dans le cadre du festival LittOral - Ga\u00eblle Cueff Art\" \/>\n<meta property=\"og:url\" content=\"https:\/\/gaelle-cueff-art.com\/2020\/08\/21\/exposition-solo-talismarins-coquillages-a-propriano-du-11-au-13-septembre-2020-dans-le-cadre-du-festival-littoral\/\" \/>\n<meta property=\"og:site_name\" content=\"Ga\u00eblle Cueff Art\" \/>\n<meta property=\"article:author\" content=\"https:\/\/www.facebook.com\/GaelleCueffArt\" \/>\n<meta property=\"article:published_time\" content=\"2020-08-21T17:43:02+00:00\" \/>\n<meta property=\"article:modified_time\" content=\"2022-07-19T07:36:46+00:00\" \/>\n<meta property=\"og:image\" content=\"https:\/\/gaelle-cueff-art.com\/wp-content\/uploads\/2020\/08\/Littoral_2_AfficheVERTE_A4web-724x1024.jpg\" \/>\n<meta name=\"author\" content=\"Ga\u00eblle Cueff\" \/>\n<meta name=\"twitter:card\" content=\"summary_large_image\" \/>\n<meta name=\"twitter:label1\" content=\"Written by\" \/>\n\t<meta name=\"twitter:data1\" content=\"Ga\u00eblle Cueff\" \/>\n\t<meta name=\"twitter:label2\" content=\"Est. reading time\" \/>\n\t<meta name=\"twitter:data2\" content=\"1 minute\" \/>\n<script type=\"application\/ld+json\" class=\"yoast-schema-graph\">{\"@context\":\"https:\/\/schema.org\",\"@graph\":[{\"@type\":\"Article\",\"@id\":\"https:\/\/gaelle-cueff-art.com\/2020\/08\/21\/exposition-solo-talismarins-coquillages-a-propriano-du-11-au-13-septembre-2020-dans-le-cadre-du-festival-littoral\/#article\",\"isPartOf\":{\"@id\":\"https:\/\/gaelle-cueff-art.com\/2020\/08\/21\/exposition-solo-talismarins-coquillages-a-propriano-du-11-au-13-septembre-2020-dans-le-cadre-du-festival-littoral\/\"},\"author\":{\"name\":\"Ga\u00eblle Cueff\",\"@id\":\"https:\/\/gaelle-cueff-art.com\/#\/schema\/person\/4e3bddd36eb4b3be101c018a46b52b89\"},\"headline\":\"Exposition solo \u00e0 Propriano du 11 au 13 septembre 2020 dans le cadre du festival LittOral\",\"datePublished\":\"2020-08-21T17:43:02+00:00\",\"dateModified\":\"2022-07-19T07:36:46+00:00\",\"mainEntityOfPage\":{\"@id\":\"https:\/\/gaelle-cueff-art.com\/2020\/08\/21\/exposition-solo-talismarins-coquillages-a-propriano-du-11-au-13-septembre-2020-dans-le-cadre-du-festival-littoral\/\"},\"wordCount\":12,\"image\":{\"@id\":\"https:\/\/gaelle-cueff-art.com\/2020\/08\/21\/exposition-solo-talismarins-coquillages-a-propriano-du-11-au-13-septembre-2020-dans-le-cadre-du-festival-littoral\/#primaryimage\"},\"thumbnailUrl\":\"https:\/\/gaelle-cueff-art.com\/wp-content\/uploads\/2020\/08\/Littoral_2_AfficheVERTE_A4web-724x1024.jpg\",\"articleSection\":[\"Expositions\"],\"inLanguage\":\"en-US\"},{\"@type\":\"WebPage\",\"@id\":\"https:\/\/gaelle-cueff-art.com\/2020\/08\/21\/exposition-solo-talismarins-coquillages-a-propriano-du-11-au-13-septembre-2020-dans-le-cadre-du-festival-littoral\/\",\"url\":\"https:\/\/gaelle-cueff-art.com\/2020\/08\/21\/exposition-solo-talismarins-coquillages-a-propriano-du-11-au-13-septembre-2020-dans-le-cadre-du-festival-littoral\/\",\"name\":\"Exposition solo \u00e0 Propriano du 11 au 13 septembre 2020 dans le cadre du festival LittOral - Ga\u00eblle Cueff Art\",\"isPartOf\":{\"@id\":\"https:\/\/gaelle-cueff-art.com\/#website\"},\"primaryImageOfPage\":{\"@id\":\"https:\/\/gaelle-cueff-art.com\/2020\/08\/21\/exposition-solo-talismarins-coquillages-a-propriano-du-11-au-13-septembre-2020-dans-le-cadre-du-festival-littoral\/#primaryimage\"},\"image\":{\"@id\":\"https:\/\/gaelle-cueff-art.com\/2020\/08\/21\/exposition-solo-talismarins-coquillages-a-propriano-du-11-au-13-septembre-2020-dans-le-cadre-du-festival-littoral\/#primaryimage\"},\"thumbnailUrl\":\"https:\/\/gaelle-cueff-art.com\/wp-content\/uploads\/2020\/08\/Littoral_2_AfficheVERTE_A4web-724x1024.jpg\",\"datePublished\":\"2020-08-21T17:43:02+00:00\",\"dateModified\":\"2022-07-19T07:36:46+00:00\",\"author\":{\"@id\":\"https:\/\/gaelle-cueff-art.com\/#\/schema\/person\/4e3bddd36eb4b3be101c018a46b52b89\"},\"breadcrumb\":{\"@id\":\"https:\/\/gaelle-cueff-art.com\/2020\/08\/21\/exposition-solo-talismarins-coquillages-a-propriano-du-11-au-13-septembre-2020-dans-le-cadre-du-festival-littoral\/#breadcrumb\"},\"inLanguage\":\"en-US\",\"potentialAction\":[{\"@type\":\"ReadAction\",\"target\":[\"https:\/\/gaelle-cueff-art.com\/2020\/08\/21\/exposition-solo-talismarins-coquillages-a-propriano-du-11-au-13-septembre-2020-dans-le-cadre-du-festival-littoral\/\"]}]},{\"@type\":\"ImageObject\",\"inLanguage\":\"en-US\",\"@id\":\"https:\/\/gaelle-cueff-art.com\/2020\/08\/21\/exposition-solo-talismarins-coquillages-a-propriano-du-11-au-13-septembre-2020-dans-le-cadre-du-festival-littoral\/#primaryimage\",\"url\":\"https:\/\/gaelle-cueff-art.com\/wp-content\/uploads\/2020\/08\/Littoral_2_AfficheVERTE_A4web-724x1024.jpg\",\"contentUrl\":\"https:\/\/gaelle-cueff-art.com\/wp-content\/uploads\/2020\/08\/Littoral_2_AfficheVERTE_A4web-724x1024.jpg\"},{\"@type\":\"BreadcrumbList\",\"@id\":\"https:\/\/gaelle-cueff-art.com\/2020\/08\/21\/exposition-solo-talismarins-coquillages-a-propriano-du-11-au-13-septembre-2020-dans-le-cadre-du-festival-littoral\/#breadcrumb\",\"itemListElement\":[{\"@type\":\"ListItem\",\"position\":1,\"name\":\"Home\",\"item\":\"https:\/\/gaelle-cueff-art.com\/\"},{\"@type\":\"ListItem\",\"position\":2,\"name\":\"Exposition solo \u00e0 Propriano du 11 au 13 septembre 2020 dans le cadre du festival LittOral\"}]},{\"@type\":\"WebSite\",\"@id\":\"https:\/\/gaelle-cueff-art.com\/#website\",\"url\":\"https:\/\/gaelle-cueff-art.com\/\",\"name\":\"Ga\u00eblle Cueff Art\",\"description\":\"\",\"potentialAction\":[{\"@type\":\"SearchAction\",\"target\":{\"@type\":\"EntryPoint\",\"urlTemplate\":\"https:\/\/gaelle-cueff-art.com\/?s={search_term_string}\"},\"query-input\":{\"@type\":\"PropertyValueSpecification\",\"valueRequired\":true,\"valueName\":\"search_term_string\"}}],\"inLanguage\":\"en-US\"},{\"@type\":\"Person\",\"@id\":\"https:\/\/gaelle-cueff-art.com\/#\/schema\/person\/4e3bddd36eb4b3be101c018a46b52b89\",\"name\":\"Ga\u00eblle Cueff\",\"sameAs\":[\"https:\/\/www.facebook.com\/GaelleCueffArt\",\"https:\/\/www.instagram.com\/gaellecueffart\/\"],\"url\":\"https:\/\/gaelle-cueff-art.com\/en\/author\/gaellecueff\/\"}]}<\/script>\n<!-- \/ Yoast SEO plugin. -->","yoast_head_json":{"title":"Exposition solo \u00e0 Propriano du 11 au 13 septembre 2020 dans le cadre du festival LittOral - Ga\u00eblle Cueff Art","robots":{"index":"index","follow":"follow","max-snippet":"max-snippet:-1","max-image-preview":"max-image-preview:large","max-video-preview":"max-video-preview:-1"},"canonical":"https:\/\/gaelle-cueff-art.com\/2020\/08\/21\/exposition-solo-talismarins-coquillages-a-propriano-du-11-au-13-septembre-2020-dans-le-cadre-du-festival-littoral\/","og_locale":"en_US","og_type":"article","og_title":"Exposition solo \u00e0 Propriano du 11 au 13 septembre 2020 dans le cadre du festival LittOral - Ga\u00eblle Cueff Art","og_url":"https:\/\/gaelle-cueff-art.com\/2020\/08\/21\/exposition-solo-talismarins-coquillages-a-propriano-du-11-au-13-septembre-2020-dans-le-cadre-du-festival-littoral\/","og_site_name":"Ga\u00eblle Cueff Art","article_author":"https:\/\/www.facebook.com\/GaelleCueffArt","article_published_time":"2020-08-21T17:43:02+00:00","article_modified_time":"2022-07-19T07:36:46+00:00","og_image":[{"url":"https:\/\/gaelle-cueff-art.com\/wp-content\/uploads\/2020\/08\/Littoral_2_AfficheVERTE_A4web-724x1024.jpg","type":"","width":"","height":""}],"author":"Ga\u00eblle Cueff","twitter_card":"summary_large_image","twitter_misc":{"Written by":"Ga\u00eblle Cueff","Est. reading time":"1 minute"},"schema":{"@context":"https:\/\/schema.org","@graph":[{"@type":"Article","@id":"https:\/\/gaelle-cueff-art.com\/2020\/08\/21\/exposition-solo-talismarins-coquillages-a-propriano-du-11-au-13-septembre-2020-dans-le-cadre-du-festival-littoral\/#article","isPartOf":{"@id":"https:\/\/gaelle-cueff-art.com\/2020\/08\/21\/exposition-solo-talismarins-coquillages-a-propriano-du-11-au-13-septembre-2020-dans-le-cadre-du-festival-littoral\/"},"author":{"name":"Ga\u00eblle Cueff","@id":"https:\/\/gaelle-cueff-art.com\/#\/schema\/person\/4e3bddd36eb4b3be101c018a46b52b89"},"headline":"Exposition solo \u00e0 Propriano du 11 au 13 septembre 2020 dans le cadre du festival LittOral","datePublished":"2020-08-21T17:43:02+00:00","dateModified":"2022-07-19T07:36:46+00:00","mainEntityOfPage":{"@id":"https:\/\/gaelle-cueff-art.com\/2020\/08\/21\/exposition-solo-talismarins-coquillages-a-propriano-du-11-au-13-septembre-2020-dans-le-cadre-du-festival-littoral\/"},"wordCount":12,"image":{"@id":"https:\/\/gaelle-cueff-art.com\/2020\/08\/21\/exposition-solo-talismarins-coquillages-a-propriano-du-11-au-13-septembre-2020-dans-le-cadre-du-festival-littoral\/#primaryimage"},"thumbnailUrl":"https:\/\/gaelle-cueff-art.com\/wp-content\/uploads\/2020\/08\/Littoral_2_AfficheVERTE_A4web-724x1024.jpg","articleSection":["Expositions"],"inLanguage":"en-US"},{"@type":"WebPage","@id":"https:\/\/gaelle-cueff-art.com\/2020\/08\/21\/exposition-solo-talismarins-coquillages-a-propriano-du-11-au-13-septembre-2020-dans-le-cadre-du-festival-littoral\/","url":"https:\/\/gaelle-cueff-art.com\/2020\/08\/21\/exposition-solo-talismarins-coquillages-a-propriano-du-11-au-13-septembre-2020-dans-le-cadre-du-festival-littoral\/","name":"Exposition solo \u00e0 Propriano du 11 au 13 septembre 2020 dans le cadre du festival LittOral - Ga\u00eblle Cueff Art","isPartOf":{"@id":"https:\/\/gaelle-cueff-art.com\/#website"},"primaryImageOfPage":{"@id":"https:\/\/gaelle-cueff-art.com\/2020\/08\/21\/exposition-solo-talismarins-coquillages-a-propriano-du-11-au-13-septembre-2020-dans-le-cadre-du-festival-littoral\/#primaryimage"},"image":{"@id":"https:\/\/gaelle-cueff-art.com\/2020\/08\/21\/exposition-solo-talismarins-coquillages-a-propriano-du-11-au-13-septembre-2020-dans-le-cadre-du-festival-littoral\/#primaryimage"},"thumbnailUrl":"https:\/\/gaelle-cueff-art.com\/wp-content\/uploads\/2020\/08\/Littoral_2_AfficheVERTE_A4web-724x1024.jpg","datePublished":"2020-08-21T17:43:02+00:00","dateModified":"2022-07-19T07:36:46+00:00","author":{"@id":"https:\/\/gaelle-cueff-art.com\/#\/schema\/person\/4e3bddd36eb4b3be101c018a46b52b89"},"breadcrumb":{"@id":"https:\/\/gaelle-cueff-art.com\/2020\/08\/21\/exposition-solo-talismarins-coquillages-a-propriano-du-11-au-13-septembre-2020-dans-le-cadre-du-festival-littoral\/#breadcrumb"},"inLanguage":"en-US","potentialAction":[{"@type":"ReadAction","target":["https:\/\/gaelle-cueff-art.com\/2020\/08\/21\/exposition-solo-talismarins-coquillages-a-propriano-du-11-au-13-septembre-2020-dans-le-cadre-du-festival-littoral\/"]}]},{"@type":"ImageObject","inLanguage":"en-US","@id":"https:\/\/gaelle-cueff-art.com\/2020\/08\/21\/exposition-solo-talismarins-coquillages-a-propriano-du-11-au-13-septembre-2020-dans-le-cadre-du-festival-littoral\/#primaryimage","url":"https:\/\/gaelle-cueff-art.com\/wp-content\/uploads\/2020\/08\/Littoral_2_AfficheVERTE_A4web-724x1024.jpg","contentUrl":"https:\/\/gaelle-cueff-art.com\/wp-content\/uploads\/2020\/08\/Littoral_2_AfficheVERTE_A4web-724x1024.jpg"},{"@type":"BreadcrumbList","@id":"https:\/\/gaelle-cueff-art.com\/2020\/08\/21\/exposition-solo-talismarins-coquillages-a-propriano-du-11-au-13-septembre-2020-dans-le-cadre-du-festival-littoral\/#breadcrumb","itemListElement":[{"@type":"ListItem","position":1,"name":"Home","item":"https:\/\/gaelle-cueff-art.com\/"},{"@type":"ListItem","position":2,"name":"Exposition solo \u00e0 Propriano du 11 au 13 septembre 2020 dans le cadre du festival LittOral"}]},{"@type":"WebSite","@id":"https:\/\/gaelle-cueff-art.com\/#website","url":"https:\/\/gaelle-cueff-art.com\/","name":"Ga\u00eblle Cueff Art","description":"","potentialAction":[{"@type":"SearchAction","target":{"@type":"EntryPoint","urlTemplate":"https:\/\/gaelle-cueff-art.com\/?s={search_term_string}"},"query-input":{"@type":"PropertyValueSpecification","valueRequired":true,"valueName":"search_term_string"}}],"inLanguage":"en-US"},{"@type":"Person","@id":"https:\/\/gaelle-cueff-art.com\/#\/schema\/person\/4e3bddd36eb4b3be101c018a46b52b89","name":"Ga\u00eblle Cueff","sameAs":["https:\/\/www.facebook.com\/GaelleCueffArt","https:\/\/www.instagram.com\/gaellecueffart\/"],"url":"https:\/\/gaelle-cueff-art.com\/en\/author\/gaellecueff\/"}]}},"jetpack_publicize_connections":[],"jetpack_featured_media_url":"","jetpack_sharing_enabled":true,"jetpack_shortlink":"https:\/\/wp.me\/p9YwYR-1Ps","jetpack-related-posts":[{"id":10108,"url":"https:\/\/gaelle-cueff-art.com\/en\/2022\/11\/07\/exposition-des-vibrations-de-la-vigne-a-la-mediatheque-de-porto-vecchio-en-off-du-festival-des-vignes-entre-les-lignes-du-7-au-17-octobre-2022\/","url_meta":{"origin":7034,"position":0},"title":"Exposition des &#8220;Vibrations de la vigne&#8221; \u00e0 la m\u00e9diath\u00e8que de Porto Vecchio en off du festival &#8220;Des Vignes entre les Lignes&#8221;, du 7 au 17 octobre 2022.","author":"Ga\u00eblle Cueff","date":"07\/11\/2022","format":false,"excerpt":"","rel":"","context":"In &quot;Expositions&quot;","block_context":{"text":"Expositions","link":"https:\/\/gaelle-cueff-art.com\/category\/expositions\/"},"img":{"alt_text":"","src":"https:\/\/i0.wp.com\/gaelle-cueff-art.com\/wp-content\/uploads\/2022\/11\/306305420_499127811557806_3724268374878603144_n-scaled.jpg?resize=350%2C200&ssl=1","width":350,"height":200,"srcset":"https:\/\/i0.wp.com\/gaelle-cueff-art.com\/wp-content\/uploads\/2022\/11\/306305420_499127811557806_3724268374878603144_n-scaled.jpg?resize=350%2C200&ssl=1 1x, https:\/\/i0.wp.com\/gaelle-cueff-art.com\/wp-content\/uploads\/2022\/11\/306305420_499127811557806_3724268374878603144_n-scaled.jpg?resize=525%2C300&ssl=1 1.5x, https:\/\/i0.wp.com\/gaelle-cueff-art.com\/wp-content\/uploads\/2022\/11\/306305420_499127811557806_3724268374878603144_n-scaled.jpg?resize=700%2C400&ssl=1 2x, https:\/\/i0.wp.com\/gaelle-cueff-art.com\/wp-content\/uploads\/2022\/11\/306305420_499127811557806_3724268374878603144_n-scaled.jpg?resize=1050%2C600&ssl=1 3x, https:\/\/i0.wp.com\/gaelle-cueff-art.com\/wp-content\/uploads\/2022\/11\/306305420_499127811557806_3724268374878603144_n-scaled.jpg?resize=1400%2C800&ssl=1 4x"},"classes":[]},{"id":10683,"url":"https:\/\/gaelle-cueff-art.com\/en\/2023\/02\/17\/exposition-solo-des-empreintes-a-la-librairie-artcurial-du-4-fevrier-au-15-mars-2023\/","url_meta":{"origin":7034,"position":1},"title":"Exposition solo des &#8220;Empreintes&#8221; \u00e0 la librairie Artcurial du 4 f\u00e9vrier au 15 mars 2023.","author":"Ga\u00eblle Cueff","date":"17\/02\/2023","format":false,"excerpt":"","rel":"","context":"In &quot;Expositions&quot;","block_context":{"text":"Expositions","link":"https:\/\/gaelle-cueff-art.com\/category\/expositions\/"},"img":{"alt_text":"","src":"https:\/\/i0.wp.com\/gaelle-cueff-art.com\/wp-content\/uploads\/2023\/02\/Invitation-Artcurial.png?resize=350%2C200&ssl=1","width":350,"height":200,"srcset":"https:\/\/i0.wp.com\/gaelle-cueff-art.com\/wp-content\/uploads\/2023\/02\/Invitation-Artcurial.png?resize=350%2C200&ssl=1 1x, https:\/\/i0.wp.com\/gaelle-cueff-art.com\/wp-content\/uploads\/2023\/02\/Invitation-Artcurial.png?resize=525%2C300&ssl=1 1.5x, https:\/\/i0.wp.com\/gaelle-cueff-art.com\/wp-content\/uploads\/2023\/02\/Invitation-Artcurial.png?resize=700%2C400&ssl=1 2x"},"classes":[]},{"id":11108,"url":"https:\/\/gaelle-cueff-art.com\/en\/2023\/07\/26\/telerama-le-festival-litteraire-breton-lete-des-13-dimanches-tire-sa-reverence-huelgoat-est-un-haut-lieu-pour-limaginaire-24-07-2023\/","url_meta":{"origin":7034,"position":2},"title":"T\u00e9l\u00e9rama : Le festival litt\u00e9raire breton L\u2019\u00c9t\u00e9 des 13\u00a0dimanches tire sa r\u00e9v\u00e9rence\u00a0: \u201cHuelgoat est un haut lieu pour l\u2019imaginaire\u201d (24-07-2023)","author":"Ga\u00eblle Cueff","date":"26\/07\/2023","format":false,"excerpt":"https:\/\/www.telerama.fr\/livre\/le-festival-litteraire-breton-l-ete-des-13-dimanches-tire-sa-reverence-huelgoat-est-un-haut-lieu-pour-l-imaginaire-7016551.php?fbclid=IwAR15YkgqH8CmytROq4VImkWcK7D07aoiiqkxbQ92XRoD-iwGes62_5tqgAg Derni\u00e8re \u00e9dition du festival \"L'Et\u00e9 des 13 dimanches\" autour du th\u00e8me \"D\u00e9sir d'espoir\" \u00e0 l'Ecole des filles de Huelgoat, du 27 au 30 juillet 2023. Quatre apr\u00e8s-midis d'\u00e9changes et une exposition,\u2026","rel":"","context":"In &quot;Presse&quot;","block_context":{"text":"Presse","link":"https:\/\/gaelle-cueff-art.com\/category\/presse\/"},"img":{"alt_text":"","src":"","width":0,"height":0},"classes":[]},{"id":9468,"url":"https:\/\/gaelle-cueff-art.com\/en\/2021\/11\/22\/exposition-de-la-serie-empreintes-dans-la-librairie-artcurial-du-21-octobre-au-13-novembre-2021\/","url_meta":{"origin":7034,"position":3},"title":"Exposition de la s\u00e9rie &#8220;Empreintes&#8221; dans la librairie Artcurial du 21 octobre au 13 novembre 2021","author":"Ga\u00eblle Cueff","date":"22\/11\/2021","format":false,"excerpt":"","rel":"","context":"In &quot;Expositions&quot;","block_context":{"text":"Expositions","link":"https:\/\/gaelle-cueff-art.com\/category\/expositions\/"},"img":{"alt_text":"","src":"","width":0,"height":0},"classes":[]},{"id":6621,"url":"https:\/\/gaelle-cueff-art.com\/en\/2020\/01\/16\/exposition-a-bruxelles-du-22-au-26-janvier-2020-la-promenade-du-collectionneur-hotel-solvay\/","url_meta":{"origin":7034,"position":4},"title":"Exposition \u00e0 Bruxelles du 22 au 26 janvier 2020 : &#8220;La Promenade du collectionneur&#8221;, H\u00f4tel Solvay","author":"Ga\u00eblle Cueff","date":"16\/01\/2020","format":false,"excerpt":"La Promenade du Collectionneur H\u00f4tel Solvay - Bruxelles 22 au 26 janvier 2020 Du mercredi 22 au dimanche 26 janvier 2020, pour sa 10\u00e8me exposition \u00e0 Bruxelles,\u00a0maison parisienne\u00a0s\u2019installera \u00e0 l\u2019H\u00f4tel Solvay. Autour d\u2019une collection contemporaine quelque peu insolite, vous d\u00e9couvrirez une s\u00e9lection in\u00e9dite d\u2019oeuvres r\u00e9v\u00e9l\u00e9es dans un lieu Art Nouveau\u2026","rel":"","context":"In &quot;Expositions&quot;","block_context":{"text":"Expositions","link":"https:\/\/gaelle-cueff-art.com\/category\/expositions\/"},"img":{"alt_text":"","src":"https:\/\/i0.wp.com\/gaelle-cueff-art.com\/wp-content\/uploads\/2020\/01\/Capture-de%CC%81cran-2020-01-16-18.42.30.png?resize=350%2C200&ssl=1","width":350,"height":200,"srcset":"https:\/\/i0.wp.com\/gaelle-cueff-art.com\/wp-content\/uploads\/2020\/01\/Capture-de%CC%81cran-2020-01-16-18.42.30.png?resize=350%2C200&ssl=1 1x, https:\/\/i0.wp.com\/gaelle-cueff-art.com\/wp-content\/uploads\/2020\/01\/Capture-de%CC%81cran-2020-01-16-18.42.30.png?resize=525%2C300&ssl=1 1.5x, https:\/\/i0.wp.com\/gaelle-cueff-art.com\/wp-content\/uploads\/2020\/01\/Capture-de%CC%81cran-2020-01-16-18.42.30.png?resize=700%2C400&ssl=1 2x"},"classes":[]},{"id":10104,"url":"https:\/\/gaelle-cueff-art.com\/en\/2022\/11\/07\/exposition-des-vibrations-de-la-vigne-dans-le-cadre-de-scontri-di-libriacchi-le-8-octobre-2022-au-domaine-castellu-di-barrici-pres-de-sartene\/","url_meta":{"origin":7034,"position":5},"title":"Exposition des &#8220;Vibrations de la vigne&#8221; dans le cadre de Scontri di Libriacchi le 8 octobre 2022 au domaine Castellu di Barrici pr\u00e8s de Sart\u00e8ne","author":"Ga\u00eblle Cueff","date":"07\/11\/2022","format":false,"excerpt":"","rel":"","context":"In &quot;Expositions&quot;","block_context":{"text":"Expositions","link":"https:\/\/gaelle-cueff-art.com\/category\/expositions\/"},"img":{"alt_text":"","src":"https:\/\/i0.wp.com\/gaelle-cueff-art.com\/wp-content\/uploads\/2022\/11\/307034449_829829895049856_7611549507836294050_n-scaled.jpg?resize=350%2C200&ssl=1","width":350,"height":200,"srcset":"https:\/\/i0.wp.com\/gaelle-cueff-art.com\/wp-content\/uploads\/2022\/11\/307034449_829829895049856_7611549507836294050_n-scaled.jpg?resize=350%2C200&ssl=1 1x, https:\/\/i0.wp.com\/gaelle-cueff-art.com\/wp-content\/uploads\/2022\/11\/307034449_829829895049856_7611549507836294050_n-scaled.jpg?resize=525%2C300&ssl=1 1.5x, https:\/\/i0.wp.com\/gaelle-cueff-art.com\/wp-content\/uploads\/2022\/11\/307034449_829829895049856_7611549507836294050_n-scaled.jpg?resize=700%2C400&ssl=1 2x, https:\/\/i0.wp.com\/gaelle-cueff-art.com\/wp-content\/uploads\/2022\/11\/307034449_829829895049856_7611549507836294050_n-scaled.jpg?resize=1050%2C600&ssl=1 3x, https:\/\/i0.wp.com\/gaelle-cueff-art.com\/wp-content\/uploads\/2022\/11\/307034449_829829895049856_7611549507836294050_n-scaled.jpg?resize=1400%2C800&ssl=1 4x"},"classes":[]}],"_links":{"self":[{"href":"https:\/\/gaelle-cueff-art.com\/en\/wp-json\/wp\/v2\/posts\/7034","targetHints":{"allow":["GET"]}}],"collection":[{"href":"https:\/\/gaelle-cueff-art.com\/en\/wp-json\/wp\/v2\/posts"}],"about":[{"href":"https:\/\/gaelle-cueff-art.com\/en\/wp-json\/wp\/v2\/types\/post"}],"author":[{"embeddable":true,"href":"https:\/\/gaelle-cueff-art.com\/en\/wp-json\/wp\/v2\/users\/208"}],"replies":[{"embeddable":true,"href":"https:\/\/gaelle-cueff-art.com\/en\/wp-json\/wp\/v2\/comments?post=7034"}],"version-history":[{"count":1,"href":"https:\/\/gaelle-cueff-art.com\/en\/wp-json\/wp\/v2\/posts\/7034\/revisions"}],"predecessor-version":[{"id":9989,"href":"https:\/\/gaelle-cueff-art.com\/en\/wp-json\/wp\/v2\/posts\/7034\/revisions\/9989"}],"wp:attachment":[{"href":"https:\/\/gaelle-cueff-art.com\/en\/wp-json\/wp\/v2\/media?parent=7034"}],"wp:term":[{"taxonomy":"category","embeddable":true,"href":"https:\/\/gaelle-cueff-art.com\/en\/wp-json\/wp\/v2\/categories?post=7034"},{"taxonomy":"post_tag","embeddable":true,"href":"https:\/\/gaelle-cueff-art.com\/en\/wp-json\/wp\/v2\/tags?post=7034"}],"curies":[{"name":"wp","href":"https:\/\/api.w.org\/{rel}","templated":true}]}}