{"id":6621,"date":"2020-01-16T17:33:33","date_gmt":"2020-01-16T17:33:33","guid":{"rendered":"https:\/\/gaelle-cueff-art.com\/?p=6621"},"modified":"2020-01-16T17:47:32","modified_gmt":"2020-01-16T17:47:32","slug":"exposition-a-bruxelles-du-22-au-26-janvier-2020-la-promenade-du-collectionneur-hotel-solvay","status":"publish","type":"post","link":"https:\/\/gaelle-cueff-art.com\/en\/2020\/01\/16\/exposition-a-bruxelles-du-22-au-26-janvier-2020-la-promenade-du-collectionneur-hotel-solvay\/","title":{"rendered":"Exposition \u00e0 Bruxelles du 22 au 26 janvier 2020 : &#8220;La Promenade du collectionneur&#8221;, H\u00f4tel Solvay"},"content":{"rendered":"\n<h2 class=\"wp-block-heading\"><\/h2>\n\n\n\n<h1 class=\"wp-block-heading\">La Promenade du Collectionneur<\/h1>\n\n\n\n<h4 class=\"wp-block-heading\">H\u00f4tel Solvay &#8211; Bruxelles<\/h4>\n\n\n\n<h5 class=\"wp-block-heading\">22 au 26 janvier 2020<\/h5>\n\n\n\n<p>Du mercredi 22 au dimanche 26 janvier 2020, pour sa 10\u00e8me exposition \u00e0 Bruxelles,&nbsp;<strong>maison parisienne&nbsp;<\/strong>s\u2019installera \u00e0 l\u2019H\u00f4tel Solvay. Autour d\u2019une collection contemporaine quelque peu insolite, vous d\u00e9couvrirez une s\u00e9lection in\u00e9dite d\u2019oeuvres r\u00e9v\u00e9l\u00e9es dans un lieu Art Nouveau d\u2019histoire exceptionnelle, r\u00e9alis\u00e9 par le ma\u00eetre bruxellois Victor Horta.<\/p>\n\n\n\n<p>L&#8217;exposition pr\u00e9sentera le travail d&#8217;une vingtaine d&#8217;artistes, dont une trentaine d&#8217;oeuvres de Ga\u00eblle Cueff (collages, Osculpt\u00e9s et Genius loci).<\/p>\n\n\n\n<p><em>LA PROMENADE DU COLLECTIONNEUR<br><\/em>H\u00f4tel Solvay, Avenue Louise 224, 1050 Bruxelles<br>22 au 26 janvier 2020<br>de 11 \u00e0 19 h<br><strong>sur rendez-vous<\/strong>&nbsp;contact@maisonparisienne.fr<\/p>\n\n\n\n<figure class=\"wp-block-image is-resized\"><img data-recalc-dims=\"1\" decoding=\"async\" src=\"https:\/\/i0.wp.com\/gaelle-cueff-art.com\/wp-content\/uploads\/2020\/01\/Capture-de%CC%81cran-2020-01-16-18.42.30.png?w=674&#038;ssl=1\" alt=\"\" class=\"wp-image-6624\"  srcset=\"https:\/\/i0.wp.com\/gaelle-cueff-art.com\/wp-content\/uploads\/2020\/01\/Capture-de%CC%81cran-2020-01-16-18.42.30.png?w=734&amp;ssl=1 734w, https:\/\/i0.wp.com\/gaelle-cueff-art.com\/wp-content\/uploads\/2020\/01\/Capture-de%CC%81cran-2020-01-16-18.42.30.png?resize=300%2C199&amp;ssl=1 300w, https:\/\/i0.wp.com\/gaelle-cueff-art.com\/wp-content\/uploads\/2020\/01\/Capture-de%CC%81cran-2020-01-16-18.42.30.png?resize=400%2C265&amp;ssl=1 400w, https:\/\/i0.wp.com\/gaelle-cueff-art.com\/wp-content\/uploads\/2020\/01\/Capture-de%CC%81cran-2020-01-16-18.42.30.png?resize=510%2C338&amp;ssl=1 510w\" sizes=\"(max-width: 734px) 100vw, 734px\" \/><figcaption>L&#8217;H\u00f4tel Solvay<br><\/figcaption><\/figure>\n\n\n\n<figure class=\"wp-block-image\"><img data-recalc-dims=\"1\" loading=\"lazy\" decoding=\"async\" width=\"699\" height=\"699\" src=\"https:\/\/i0.wp.com\/gaelle-cueff-art.com\/wp-content\/uploads\/2020\/01\/Capture-de%CC%81cran-2020-01-08-11.40.02.png?resize=699%2C699&#038;ssl=1\" alt=\"\" class=\"wp-image-6626\" srcset=\"https:\/\/i0.wp.com\/gaelle-cueff-art.com\/wp-content\/uploads\/2020\/01\/Capture-de%CC%81cran-2020-01-08-11.40.02.png?w=699&amp;ssl=1 699w, https:\/\/i0.wp.com\/gaelle-cueff-art.com\/wp-content\/uploads\/2020\/01\/Capture-de%CC%81cran-2020-01-08-11.40.02.png?resize=150%2C150&amp;ssl=1 150w, https:\/\/i0.wp.com\/gaelle-cueff-art.com\/wp-content\/uploads\/2020\/01\/Capture-de%CC%81cran-2020-01-08-11.40.02.png?resize=300%2C300&amp;ssl=1 300w, https:\/\/i0.wp.com\/gaelle-cueff-art.com\/wp-content\/uploads\/2020\/01\/Capture-de%CC%81cran-2020-01-08-11.40.02.png?resize=400%2C400&amp;ssl=1 400w, https:\/\/i0.wp.com\/gaelle-cueff-art.com\/wp-content\/uploads\/2020\/01\/Capture-de%CC%81cran-2020-01-08-11.40.02.png?resize=510%2C510&amp;ssl=1 510w, https:\/\/i0.wp.com\/gaelle-cueff-art.com\/wp-content\/uploads\/2020\/01\/Capture-de%CC%81cran-2020-01-08-11.40.02.png?resize=100%2C100&amp;ssl=1 100w\" sizes=\"(max-width: 699px) 100vw, 699px\" \/><\/figure>\n","protected":false},"excerpt":{"rendered":"<p>La Promenade du Collectionneur H\u00f4tel Solvay &#8211; Bruxelles 22 au 26 janvier 2020 Du mercredi 22 au dimanche 26 janvier 2020, pour sa 10\u00e8me exposition \u00e0 Bruxelles,&nbsp;maison parisienne&nbsp;s\u2019installera \u00e0 l\u2019H\u00f4tel Solvay. Autour d\u2019une collection contemporaine quelque peu insolite, vous d\u00e9couvrirez une s\u00e9lection in\u00e9dite d\u2019oeuvres r\u00e9v\u00e9l\u00e9es dans un lieu Art Nouveau d\u2019histoire exceptionnelle, r\u00e9alis\u00e9 par le [&hellip;]<\/p>\n","protected":false},"author":208,"featured_media":0,"comment_status":"closed","ping_status":"closed","sticky":false,"template":"","format":"standard","meta":{"_et_pb_use_builder":"off","_et_pb_old_content":"","_et_gb_content_width":"","om_disable_all_campaigns":false,"_monsterinsights_skip_tracking":false,"_monsterinsights_sitenote_active":false,"_monsterinsights_sitenote_note":"","_monsterinsights_sitenote_category":0,"_uf_show_specific_survey":0,"_uf_disable_surveys":false,"jetpack_post_was_ever_published":false,"_jetpack_newsletter_access":"","_jetpack_dont_email_post_to_subs":false,"_jetpack_newsletter_tier_id":0,"_jetpack_memberships_contains_paywalled_content":false,"_jetpack_memberships_contains_paid_content":false,"footnotes":"","jetpack_publicize_message":"","jetpack_publicize_feature_enabled":true,"jetpack_social_post_already_shared":true,"jetpack_social_options":{"image_generator_settings":{"template":"highway","default_image_id":0,"font":"","enabled":false},"version":2}},"categories":[44],"tags":[],"class_list":["post-6621","post","type-post","status-publish","format-standard","hentry","category-expositions"],"aioseo_notices":[],"yoast_head":"<!-- This site is optimized with the Yoast SEO plugin v27.0 - https:\/\/yoast.com\/product\/yoast-seo-wordpress\/ -->\n<title>Exposition \u00e0 Bruxelles du 22 au 26 janvier 2020 : &quot;La Promenade du collectionneur&quot;, H\u00f4tel Solvay - Ga\u00eblle Cueff Art<\/title>\n<meta name=\"robots\" content=\"index, follow, max-snippet:-1, max-image-preview:large, max-video-preview:-1\" \/>\n<link rel=\"canonical\" href=\"https:\/\/gaelle-cueff-art.com\/2020\/01\/16\/exposition-a-bruxelles-du-22-au-26-janvier-2020-la-promenade-du-collectionneur-hotel-solvay\/\" \/>\n<meta property=\"og:locale\" content=\"en_US\" \/>\n<meta property=\"og:type\" content=\"article\" \/>\n<meta property=\"og:title\" content=\"Exposition \u00e0 Bruxelles du 22 au 26 janvier 2020 : &quot;La Promenade du collectionneur&quot;, H\u00f4tel Solvay - Ga\u00eblle Cueff Art\" \/>\n<meta property=\"og:description\" content=\"La Promenade du Collectionneur H\u00f4tel Solvay &#8211; Bruxelles 22 au 26 janvier 2020 Du mercredi 22 au dimanche 26 janvier 2020, pour sa 10\u00e8me exposition \u00e0 Bruxelles,&nbsp;maison parisienne&nbsp;s\u2019installera \u00e0 l\u2019H\u00f4tel Solvay. Autour d\u2019une collection contemporaine quelque peu insolite, vous d\u00e9couvrirez une s\u00e9lection in\u00e9dite d\u2019oeuvres r\u00e9v\u00e9l\u00e9es dans un lieu Art Nouveau d\u2019histoire exceptionnelle, r\u00e9alis\u00e9 par le [&hellip;]\" \/>\n<meta property=\"og:url\" content=\"https:\/\/gaelle-cueff-art.com\/2020\/01\/16\/exposition-a-bruxelles-du-22-au-26-janvier-2020-la-promenade-du-collectionneur-hotel-solvay\/\" \/>\n<meta property=\"og:site_name\" content=\"Ga\u00eblle Cueff Art\" \/>\n<meta property=\"article:author\" content=\"https:\/\/www.facebook.com\/GaelleCueffArt\" \/>\n<meta property=\"article:published_time\" content=\"2020-01-16T17:33:33+00:00\" \/>\n<meta property=\"article:modified_time\" content=\"2020-01-16T17:47:32+00:00\" \/>\n<meta name=\"author\" content=\"Ga\u00eblle Cueff\" \/>\n<meta name=\"twitter:card\" content=\"summary_large_image\" \/>\n<meta name=\"twitter:label1\" content=\"Written by\" \/>\n\t<meta name=\"twitter:data1\" content=\"Ga\u00eblle Cueff\" \/>\n\t<meta name=\"twitter:label2\" content=\"Est. reading time\" \/>\n\t<meta name=\"twitter:data2\" content=\"1 minute\" \/>\n<script type=\"application\/ld+json\" class=\"yoast-schema-graph\">{\"@context\":\"https:\/\/schema.org\",\"@graph\":[{\"@type\":\"Article\",\"@id\":\"https:\/\/gaelle-cueff-art.com\/2020\/01\/16\/exposition-a-bruxelles-du-22-au-26-janvier-2020-la-promenade-du-collectionneur-hotel-solvay\/#article\",\"isPartOf\":{\"@id\":\"https:\/\/gaelle-cueff-art.com\/2020\/01\/16\/exposition-a-bruxelles-du-22-au-26-janvier-2020-la-promenade-du-collectionneur-hotel-solvay\/\"},\"author\":{\"name\":\"Ga\u00eblle Cueff\",\"@id\":\"https:\/\/gaelle-cueff-art.com\/#\/schema\/person\/4e3bddd36eb4b3be101c018a46b52b89\"},\"headline\":\"Exposition \u00e0 Bruxelles du 22 au 26 janvier 2020 : &#8220;La Promenade du collectionneur&#8221;, H\u00f4tel Solvay\",\"datePublished\":\"2020-01-16T17:33:33+00:00\",\"dateModified\":\"2020-01-16T17:47:32+00:00\",\"mainEntityOfPage\":{\"@id\":\"https:\/\/gaelle-cueff-art.com\/2020\/01\/16\/exposition-a-bruxelles-du-22-au-26-janvier-2020-la-promenade-du-collectionneur-hotel-solvay\/\"},\"wordCount\":132,\"articleSection\":[\"Expositions\"],\"inLanguage\":\"en-US\"},{\"@type\":\"WebPage\",\"@id\":\"https:\/\/gaelle-cueff-art.com\/2020\/01\/16\/exposition-a-bruxelles-du-22-au-26-janvier-2020-la-promenade-du-collectionneur-hotel-solvay\/\",\"url\":\"https:\/\/gaelle-cueff-art.com\/2020\/01\/16\/exposition-a-bruxelles-du-22-au-26-janvier-2020-la-promenade-du-collectionneur-hotel-solvay\/\",\"name\":\"Exposition \u00e0 Bruxelles du 22 au 26 janvier 2020 : \\\"La Promenade du collectionneur\\\", H\u00f4tel Solvay - Ga\u00eblle Cueff Art\",\"isPartOf\":{\"@id\":\"https:\/\/gaelle-cueff-art.com\/#website\"},\"datePublished\":\"2020-01-16T17:33:33+00:00\",\"dateModified\":\"2020-01-16T17:47:32+00:00\",\"author\":{\"@id\":\"https:\/\/gaelle-cueff-art.com\/#\/schema\/person\/4e3bddd36eb4b3be101c018a46b52b89\"},\"breadcrumb\":{\"@id\":\"https:\/\/gaelle-cueff-art.com\/2020\/01\/16\/exposition-a-bruxelles-du-22-au-26-janvier-2020-la-promenade-du-collectionneur-hotel-solvay\/#breadcrumb\"},\"inLanguage\":\"en-US\",\"potentialAction\":[{\"@type\":\"ReadAction\",\"target\":[\"https:\/\/gaelle-cueff-art.com\/2020\/01\/16\/exposition-a-bruxelles-du-22-au-26-janvier-2020-la-promenade-du-collectionneur-hotel-solvay\/\"]}]},{\"@type\":\"BreadcrumbList\",\"@id\":\"https:\/\/gaelle-cueff-art.com\/2020\/01\/16\/exposition-a-bruxelles-du-22-au-26-janvier-2020-la-promenade-du-collectionneur-hotel-solvay\/#breadcrumb\",\"itemListElement\":[{\"@type\":\"ListItem\",\"position\":1,\"name\":\"Home\",\"item\":\"https:\/\/gaelle-cueff-art.com\/\"},{\"@type\":\"ListItem\",\"position\":2,\"name\":\"Exposition \u00e0 Bruxelles du 22 au 26 janvier 2020 : \u00ab\u00a0La Promenade du collectionneur\u00a0\u00bb, H\u00f4tel Solvay\"}]},{\"@type\":\"WebSite\",\"@id\":\"https:\/\/gaelle-cueff-art.com\/#website\",\"url\":\"https:\/\/gaelle-cueff-art.com\/\",\"name\":\"Ga\u00eblle Cueff Art\",\"description\":\"\",\"potentialAction\":[{\"@type\":\"SearchAction\",\"target\":{\"@type\":\"EntryPoint\",\"urlTemplate\":\"https:\/\/gaelle-cueff-art.com\/?s={search_term_string}\"},\"query-input\":{\"@type\":\"PropertyValueSpecification\",\"valueRequired\":true,\"valueName\":\"search_term_string\"}}],\"inLanguage\":\"en-US\"},{\"@type\":\"Person\",\"@id\":\"https:\/\/gaelle-cueff-art.com\/#\/schema\/person\/4e3bddd36eb4b3be101c018a46b52b89\",\"name\":\"Ga\u00eblle Cueff\",\"sameAs\":[\"https:\/\/www.facebook.com\/GaelleCueffArt\",\"https:\/\/www.instagram.com\/gaellecueffart\/\"],\"url\":\"https:\/\/gaelle-cueff-art.com\/en\/author\/gaellecueff\/\"}]}<\/script>\n<!-- \/ Yoast SEO plugin. -->","yoast_head_json":{"title":"Exposition \u00e0 Bruxelles du 22 au 26 janvier 2020 : \"La Promenade du collectionneur\", H\u00f4tel Solvay - Ga\u00eblle Cueff Art","robots":{"index":"index","follow":"follow","max-snippet":"max-snippet:-1","max-image-preview":"max-image-preview:large","max-video-preview":"max-video-preview:-1"},"canonical":"https:\/\/gaelle-cueff-art.com\/2020\/01\/16\/exposition-a-bruxelles-du-22-au-26-janvier-2020-la-promenade-du-collectionneur-hotel-solvay\/","og_locale":"en_US","og_type":"article","og_title":"Exposition \u00e0 Bruxelles du 22 au 26 janvier 2020 : \"La Promenade du collectionneur\", H\u00f4tel Solvay - Ga\u00eblle Cueff Art","og_description":"La Promenade du Collectionneur H\u00f4tel Solvay &#8211; Bruxelles 22 au 26 janvier 2020 Du mercredi 22 au dimanche 26 janvier 2020, pour sa 10\u00e8me exposition \u00e0 Bruxelles,&nbsp;maison parisienne&nbsp;s\u2019installera \u00e0 l\u2019H\u00f4tel Solvay. Autour d\u2019une collection contemporaine quelque peu insolite, vous d\u00e9couvrirez une s\u00e9lection in\u00e9dite d\u2019oeuvres r\u00e9v\u00e9l\u00e9es dans un lieu Art Nouveau d\u2019histoire exceptionnelle, r\u00e9alis\u00e9 par le [&hellip;]","og_url":"https:\/\/gaelle-cueff-art.com\/2020\/01\/16\/exposition-a-bruxelles-du-22-au-26-janvier-2020-la-promenade-du-collectionneur-hotel-solvay\/","og_site_name":"Ga\u00eblle Cueff Art","article_author":"https:\/\/www.facebook.com\/GaelleCueffArt","article_published_time":"2020-01-16T17:33:33+00:00","article_modified_time":"2020-01-16T17:47:32+00:00","author":"Ga\u00eblle Cueff","twitter_card":"summary_large_image","twitter_misc":{"Written by":"Ga\u00eblle Cueff","Est. reading time":"1 minute"},"schema":{"@context":"https:\/\/schema.org","@graph":[{"@type":"Article","@id":"https:\/\/gaelle-cueff-art.com\/2020\/01\/16\/exposition-a-bruxelles-du-22-au-26-janvier-2020-la-promenade-du-collectionneur-hotel-solvay\/#article","isPartOf":{"@id":"https:\/\/gaelle-cueff-art.com\/2020\/01\/16\/exposition-a-bruxelles-du-22-au-26-janvier-2020-la-promenade-du-collectionneur-hotel-solvay\/"},"author":{"name":"Ga\u00eblle Cueff","@id":"https:\/\/gaelle-cueff-art.com\/#\/schema\/person\/4e3bddd36eb4b3be101c018a46b52b89"},"headline":"Exposition \u00e0 Bruxelles du 22 au 26 janvier 2020 : &#8220;La Promenade du collectionneur&#8221;, H\u00f4tel Solvay","datePublished":"2020-01-16T17:33:33+00:00","dateModified":"2020-01-16T17:47:32+00:00","mainEntityOfPage":{"@id":"https:\/\/gaelle-cueff-art.com\/2020\/01\/16\/exposition-a-bruxelles-du-22-au-26-janvier-2020-la-promenade-du-collectionneur-hotel-solvay\/"},"wordCount":132,"articleSection":["Expositions"],"inLanguage":"en-US"},{"@type":"WebPage","@id":"https:\/\/gaelle-cueff-art.com\/2020\/01\/16\/exposition-a-bruxelles-du-22-au-26-janvier-2020-la-promenade-du-collectionneur-hotel-solvay\/","url":"https:\/\/gaelle-cueff-art.com\/2020\/01\/16\/exposition-a-bruxelles-du-22-au-26-janvier-2020-la-promenade-du-collectionneur-hotel-solvay\/","name":"Exposition \u00e0 Bruxelles du 22 au 26 janvier 2020 : \"La Promenade du collectionneur\", H\u00f4tel Solvay - Ga\u00eblle Cueff Art","isPartOf":{"@id":"https:\/\/gaelle-cueff-art.com\/#website"},"datePublished":"2020-01-16T17:33:33+00:00","dateModified":"2020-01-16T17:47:32+00:00","author":{"@id":"https:\/\/gaelle-cueff-art.com\/#\/schema\/person\/4e3bddd36eb4b3be101c018a46b52b89"},"breadcrumb":{"@id":"https:\/\/gaelle-cueff-art.com\/2020\/01\/16\/exposition-a-bruxelles-du-22-au-26-janvier-2020-la-promenade-du-collectionneur-hotel-solvay\/#breadcrumb"},"inLanguage":"en-US","potentialAction":[{"@type":"ReadAction","target":["https:\/\/gaelle-cueff-art.com\/2020\/01\/16\/exposition-a-bruxelles-du-22-au-26-janvier-2020-la-promenade-du-collectionneur-hotel-solvay\/"]}]},{"@type":"BreadcrumbList","@id":"https:\/\/gaelle-cueff-art.com\/2020\/01\/16\/exposition-a-bruxelles-du-22-au-26-janvier-2020-la-promenade-du-collectionneur-hotel-solvay\/#breadcrumb","itemListElement":[{"@type":"ListItem","position":1,"name":"Home","item":"https:\/\/gaelle-cueff-art.com\/"},{"@type":"ListItem","position":2,"name":"Exposition \u00e0 Bruxelles du 22 au 26 janvier 2020 : \u00ab\u00a0La Promenade du collectionneur\u00a0\u00bb, H\u00f4tel Solvay"}]},{"@type":"WebSite","@id":"https:\/\/gaelle-cueff-art.com\/#website","url":"https:\/\/gaelle-cueff-art.com\/","name":"Ga\u00eblle Cueff Art","description":"","potentialAction":[{"@type":"SearchAction","target":{"@type":"EntryPoint","urlTemplate":"https:\/\/gaelle-cueff-art.com\/?s={search_term_string}"},"query-input":{"@type":"PropertyValueSpecification","valueRequired":true,"valueName":"search_term_string"}}],"inLanguage":"en-US"},{"@type":"Person","@id":"https:\/\/gaelle-cueff-art.com\/#\/schema\/person\/4e3bddd36eb4b3be101c018a46b52b89","name":"Ga\u00eblle Cueff","sameAs":["https:\/\/www.facebook.com\/GaelleCueffArt","https:\/\/www.instagram.com\/gaellecueffart\/"],"url":"https:\/\/gaelle-cueff-art.com\/en\/author\/gaellecueff\/"}]}},"jetpack_publicize_connections":[],"jetpack_featured_media_url":"","jetpack_sharing_enabled":true,"jetpack_shortlink":"https:\/\/wp.me\/p9YwYR-1IN","jetpack-related-posts":[{"id":10587,"url":"https:\/\/gaelle-cueff-art.com\/en\/2023\/01\/16\/exposition-collective-la-promenade-du-collectionneur-a-bruxelles-hotel-solvay-du-24-au-29-janvier-2023\/","url_meta":{"origin":6621,"position":0},"title":"Exposition collective &#8220;La promenade du collectionneur&#8221; \u00e0 Bruxelles, H\u00f4tel Solvay, du 24 au 29 janvier 2023 (exposition d&#8217;une cinquantaine d&#8217;oeuvres).","author":"Ga\u00eblle Cueff","date":"16\/01\/2023","format":false,"excerpt":"","rel":"","context":"In &quot;Expositions&quot;","block_context":{"text":"Expositions","link":"https:\/\/gaelle-cueff-art.com\/category\/expositions\/"},"img":{"alt_text":"","src":"","width":0,"height":0},"classes":[]},{"id":7029,"url":"https:\/\/gaelle-cueff-art.com\/en\/2020\/08\/21\/exposition-personnelle-a-sanary-sur-mer-en-juin-2020-annule-pour-cause-de-crise-sanitaire\/","url_meta":{"origin":6621,"position":1},"title":"Exposition personnelle \u00e0 Sanary-sur-Mer en juin 2020 &#8211; ANNULE POUR CAUSE DE CRISE SANITAIRE","author":"Ga\u00eblle Cueff","date":"21\/08\/2020","format":false,"excerpt":"Une exposition personnelle d'environ 30 oeuvres \u00e9taient pr\u00e9vues durant un mois au casino de Sanary-sur-Mer.","rel":"","context":"In &quot;Expositions&quot;","block_context":{"text":"Expositions","link":"https:\/\/gaelle-cueff-art.com\/category\/expositions\/"},"img":{"alt_text":"","src":"","width":0,"height":0},"classes":[]},{"id":11208,"url":"https:\/\/gaelle-cueff-art.com\/en\/2023\/09\/29\/art-on-paper-4-8-octobre-2023-bruxelles-tour-taxis-galerie-francoise-livinec\/","url_meta":{"origin":6621,"position":2},"title":"&#8220;Art on paper&#8221;, 5-8 octobre 2023, Bruxelles, Tour &#038; Taxis, Galerie Fran\u00e7oise Livinec","author":"Ga\u00eblle Cueff","date":"29\/09\/2023","format":false,"excerpt":"","rel":"","context":"In &quot;Expositions&quot;","block_context":{"text":"Expositions","link":"https:\/\/gaelle-cueff-art.com\/category\/expositions\/"},"img":{"alt_text":"","src":"","width":0,"height":0},"classes":[]},{"id":11254,"url":"https:\/\/gaelle-cueff-art.com\/en\/2023\/10\/02\/fab-paris-22-26-novembre-2023-grand-palais-ephemere-galerie-francoise-livinec\/","url_meta":{"origin":6621,"position":3},"title":"FAB Paris, 22-26 novembre 2023, Grand Palais Eph\u00e9m\u00e8re, Galerie Fran\u00e7oise Livinec","author":"Ga\u00eblle Cueff","date":"02\/10\/2023","format":false,"excerpt":"","rel":"","context":"In &quot;Expositions&quot;","block_context":{"text":"Expositions","link":"https:\/\/gaelle-cueff-art.com\/category\/expositions\/"},"img":{"alt_text":"","src":"https:\/\/i0.wp.com\/gaelle-cueff-art.com\/wp-content\/uploads\/2024\/06\/Capture-decran-2024-06-13-a-09.53.39-2.png?resize=350%2C200&ssl=1","width":350,"height":200,"srcset":"https:\/\/i0.wp.com\/gaelle-cueff-art.com\/wp-content\/uploads\/2024\/06\/Capture-decran-2024-06-13-a-09.53.39-2.png?resize=350%2C200&ssl=1 1x, https:\/\/i0.wp.com\/gaelle-cueff-art.com\/wp-content\/uploads\/2024\/06\/Capture-decran-2024-06-13-a-09.53.39-2.png?resize=525%2C300&ssl=1 1.5x"},"classes":[]},{"id":741,"url":"https:\/\/gaelle-cueff-art.com\/en\/2017\/03\/18\/exposition-springart-du-21-au-26-mars-2017-a-la-galerie-59-rivoli\/","url_meta":{"origin":6621,"position":4},"title":"Exposition Spring&#8217;art du 21 au 26 mars 2017 \u00e0 la Galerie 59 Rivoli","author":"Ga\u00eblle Cueff","date":"18\/03\/2017","format":false,"excerpt":"","rel":"","context":"In &quot;Expositions&quot;","block_context":{"text":"Expositions","link":"https:\/\/gaelle-cueff-art.com\/category\/expositions\/"},"img":{"alt_text":"","src":"https:\/\/i0.wp.com\/gaelle-cueff-art.com\/wp-content\/uploads\/2017\/09\/Invitation-SpringART-web.jpeg?resize=350%2C200&ssl=1","width":350,"height":200,"srcset":"https:\/\/i0.wp.com\/gaelle-cueff-art.com\/wp-content\/uploads\/2017\/09\/Invitation-SpringART-web.jpeg?resize=350%2C200&ssl=1 1x, https:\/\/i0.wp.com\/gaelle-cueff-art.com\/wp-content\/uploads\/2017\/09\/Invitation-SpringART-web.jpeg?resize=525%2C300&ssl=1 1.5x"},"classes":[]},{"id":11039,"url":"https:\/\/gaelle-cueff-art.com\/en\/2023\/06\/17\/exposition-les-ephemerides-librairie-artcurial-paris-du-26-juin-au-21-juillet-2023\/","url_meta":{"origin":6621,"position":5},"title":"Exposition : &#8220;Les \u00c9ph\u00e9m\u00e9rides&#8221;, librairie Artcurial, Paris, du 26 juin au 21 juillet 2023","author":"Ga\u00eblle Cueff","date":"17\/06\/2023","format":false,"excerpt":"","rel":"","context":"In &quot;Expositions&quot;","block_context":{"text":"Expositions","link":"https:\/\/gaelle-cueff-art.com\/category\/expositions\/"},"img":{"alt_text":"","src":"","width":0,"height":0},"classes":[]}],"_links":{"self":[{"href":"https:\/\/gaelle-cueff-art.com\/en\/wp-json\/wp\/v2\/posts\/6621","targetHints":{"allow":["GET"]}}],"collection":[{"href":"https:\/\/gaelle-cueff-art.com\/en\/wp-json\/wp\/v2\/posts"}],"about":[{"href":"https:\/\/gaelle-cueff-art.com\/en\/wp-json\/wp\/v2\/types\/post"}],"author":[{"embeddable":true,"href":"https:\/\/gaelle-cueff-art.com\/en\/wp-json\/wp\/v2\/users\/208"}],"replies":[{"embeddable":true,"href":"https:\/\/gaelle-cueff-art.com\/en\/wp-json\/wp\/v2\/comments?post=6621"}],"version-history":[{"count":0,"href":"https:\/\/gaelle-cueff-art.com\/en\/wp-json\/wp\/v2\/posts\/6621\/revisions"}],"wp:attachment":[{"href":"https:\/\/gaelle-cueff-art.com\/en\/wp-json\/wp\/v2\/media?parent=6621"}],"wp:term":[{"taxonomy":"category","embeddable":true,"href":"https:\/\/gaelle-cueff-art.com\/en\/wp-json\/wp\/v2\/categories?post=6621"},{"taxonomy":"post_tag","embeddable":true,"href":"https:\/\/gaelle-cueff-art.com\/en\/wp-json\/wp\/v2\/tags?post=6621"}],"curies":[{"name":"wp","href":"https:\/\/api.w.org\/{rel}","templated":true}]}}