{"id":11108,"date":"2023-07-26T09:42:05","date_gmt":"2023-07-26T07:42:05","guid":{"rendered":"https:\/\/gaelle-cueff-art.com\/?p=11108"},"modified":"2023-07-26T09:44:57","modified_gmt":"2023-07-26T07:44:57","slug":"telerama-le-festival-litteraire-breton-lete-des-13-dimanches-tire-sa-reverence-huelgoat-est-un-haut-lieu-pour-limaginaire-24-07-2023","status":"publish","type":"post","link":"https:\/\/gaelle-cueff-art.com\/en\/2023\/07\/26\/telerama-le-festival-litteraire-breton-lete-des-13-dimanches-tire-sa-reverence-huelgoat-est-un-haut-lieu-pour-limaginaire-24-07-2023\/","title":{"rendered":"T\u00e9l\u00e9rama : Le festival litt\u00e9raire breton L\u2019\u00c9t\u00e9 des 13\u00a0dimanches tire sa r\u00e9v\u00e9rence\u00a0: \u201cHuelgoat est un haut lieu pour l\u2019imaginaire\u201d (24-07-2023)"},"content":{"rendered":"<p>[et_pb_section fb_built=&#8221;1&#8243; _builder_version=&#8221;4.21.0&#8243; _module_preset=&#8221;default&#8221; hover_enabled=&#8221;0&#8243; global_colors_info=&#8221;{}&#8221; link_option_url=&#8221;https:\/\/www.telerama.fr\/livre\/le-festival-litteraire-breton-l-ete-des-13-dimanches-tire-sa-reverence-huelgoat-est-un-haut-lieu-pour-l-imaginaire-7016551.php?fbclid=IwAR15YkgqH8CmytROq4VImkWcK7D07aoiiqkxbQ92XRoD-iwGes62_5tqgAg&#8221; sticky_enabled=&#8221;0&#8243;][et_pb_row _builder_version=&#8221;4.21.0&#8243; _module_preset=&#8221;default&#8221; global_colors_info=&#8221;{}&#8221;][et_pb_column type=&#8221;4_4&#8243; _builder_version=&#8221;4.21.0&#8243; _module_preset=&#8221;default&#8221; global_colors_info=&#8221;{}&#8221;][et_pb_text _builder_version=&#8221;4.21.0&#8243; _module_preset=&#8221;default&#8221; hover_enabled=&#8221;0&#8243; sticky_enabled=&#8221;0&#8243;]<\/p>\n<p><a href=\"https:\/\/www.telerama.fr\/livre\/le-festival-litteraire-breton-l-ete-des-13-dimanches-tire-sa-reverence-huelgoat-est-un-haut-lieu-pour-l-imaginaire-7016551.php?fbclid=IwAR15YkgqH8CmytROq4VImkWcK7D07aoiiqkxbQ92XRoD-iwGes62_5tqgAg\">https:\/\/www.telerama.fr\/livre\/le-festival-litteraire-breton-l-ete-des-13-dimanches-tire-sa-reverence-huelgoat-est-un-haut-lieu-pour-l-imaginaire-7016551.php?fbclid=IwAR15YkgqH8CmytROq4VImkWcK7D07aoiiqkxbQ92XRoD-iwGes62_5tqgAg<\/a><\/p>\n<p>Derni\u00e8re \u00e9dition du festival &#8220;L&#8217;Et\u00e9 des 13 dimanches&#8221; autour du th\u00e8me &#8220;D\u00e9sir d&#8217;espoir&#8221; \u00e0 l&#8217;Ecole des filles de Huelgoat, du 27 au 30 juillet 2023.<\/p>\n<p>Quatre apr\u00e8s-midis d&#8217;\u00e9changes et une exposition, &#8220;Fiat lux&#8221;. L&#8217;exposition pr\u00e9sente notamment une douzaine d&#8217;encaustiques de Ga\u00eblle Cueff, qui intervient \u00e9galement le samedi 29 juillet \u00e0 15h.<\/p>\n<p>[\/et_pb_text][\/et_pb_column][\/et_pb_row][\/et_pb_section][et_pb_section fb_built=&#8221;1&#8243; _builder_version=&#8221;4.21.0&#8243; _module_preset=&#8221;default&#8221; hover_enabled=&#8221;0&#8243; global_colors_info=&#8221;{}&#8221; link_option_url=&#8221;https:\/\/www.telerama.fr\/livre\/le-festival-litteraire-breton-l-ete-des-13-dimanches-tire-sa-reverence-huelgoat-est-un-haut-lieu-pour-l-imaginaire-7016551.php?fbclid=IwAR15YkgqH8CmytROq4VImkWcK7D07aoiiqkxbQ92XRoD-iwGes62_5tqgAg&#8221; sticky_enabled=&#8221;0&#8243;][et_pb_row _builder_version=&#8221;4.21.0&#8243; _module_preset=&#8221;default&#8221; global_colors_info=&#8221;{}&#8221;][et_pb_column type=&#8221;4_4&#8243; _builder_version=&#8221;4.21.0&#8243; _module_preset=&#8221;default&#8221; global_colors_info=&#8221;{}&#8221;][et_pb_image src=&#8221;https:\/\/gaelle-cueff-art.com\/wp-content\/uploads\/2023\/07\/Telerama-1-2.png&#8221; _builder_version=&#8221;4.21.0&#8243; _module_preset=&#8221;default&#8221; global_colors_info=&#8221;{}&#8221;][\/et_pb_image][\/et_pb_column][\/et_pb_row][\/et_pb_section][et_pb_section fb_built=&#8221;1&#8243; _builder_version=&#8221;4.21.0&#8243; _module_preset=&#8221;default&#8221; global_colors_info=&#8221;{}&#8221;][et_pb_row _builder_version=&#8221;4.21.0&#8243; _module_preset=&#8221;default&#8221; global_colors_info=&#8221;{}&#8221;][et_pb_column type=&#8221;4_4&#8243; _builder_version=&#8221;4.21.0&#8243; _module_preset=&#8221;default&#8221; global_colors_info=&#8221;{}&#8221;][et_pb_image src=&#8221;https:\/\/gaelle-cueff-art.com\/wp-content\/uploads\/2023\/07\/Telerama-2-1.png&#8221; _builder_version=&#8221;4.21.0&#8243; _module_preset=&#8221;default&#8221; global_colors_info=&#8221;{}&#8221;][\/et_pb_image][\/et_pb_column][\/et_pb_row][\/et_pb_section][et_pb_section fb_built=&#8221;1&#8243; _builder_version=&#8221;4.21.0&#8243; _module_preset=&#8221;default&#8221; global_colors_info=&#8221;{}&#8221;][et_pb_row _builder_version=&#8221;4.21.0&#8243; _module_preset=&#8221;default&#8221; global_colors_info=&#8221;{}&#8221;][et_pb_column type=&#8221;4_4&#8243; _builder_version=&#8221;4.21.0&#8243; _module_preset=&#8221;default&#8221; global_colors_info=&#8221;{}&#8221;][et_pb_image src=&#8221;https:\/\/gaelle-cueff-art.com\/wp-content\/uploads\/2023\/07\/Telerama-3.png&#8221; _builder_version=&#8221;4.21.0&#8243; _module_preset=&#8221;default&#8221; global_colors_info=&#8221;{}&#8221;][\/et_pb_image][\/et_pb_column][\/et_pb_row][\/et_pb_section][et_pb_section fb_built=&#8221;1&#8243; _builder_version=&#8221;4.21.0&#8243; _module_preset=&#8221;default&#8221; global_colors_info=&#8221;{}&#8221;][et_pb_row _builder_version=&#8221;4.21.0&#8243; _module_preset=&#8221;default&#8221; global_colors_info=&#8221;{}&#8221;][et_pb_column type=&#8221;4_4&#8243; _builder_version=&#8221;4.21.0&#8243; _module_preset=&#8221;default&#8221; global_colors_info=&#8221;{}&#8221;][et_pb_image src=&#8221;https:\/\/gaelle-cueff-art.com\/wp-content\/uploads\/2023\/07\/Telerama-4.png&#8221; _builder_version=&#8221;4.21.0&#8243; _module_preset=&#8221;default&#8221; global_colors_info=&#8221;{}&#8221;][\/et_pb_image][\/et_pb_column][\/et_pb_row][\/et_pb_section][et_pb_section fb_built=&#8221;1&#8243; _builder_version=&#8221;4.21.0&#8243; _module_preset=&#8221;default&#8221; global_colors_info=&#8221;{}&#8221;][et_pb_row _builder_version=&#8221;4.21.0&#8243; _module_preset=&#8221;default&#8221; global_colors_info=&#8221;{}&#8221;][et_pb_column type=&#8221;4_4&#8243; _builder_version=&#8221;4.21.0&#8243; _module_preset=&#8221;default&#8221; global_colors_info=&#8221;{}&#8221;][et_pb_image src=&#8221;https:\/\/gaelle-cueff-art.com\/wp-content\/uploads\/2023\/07\/Telerama-5.png&#8221; _builder_version=&#8221;4.21.0&#8243; _module_preset=&#8221;default&#8221; global_colors_info=&#8221;{}&#8221;][\/et_pb_image][\/et_pb_column][\/et_pb_row][\/et_pb_section][et_pb_section fb_built=&#8221;1&#8243; _builder_version=&#8221;4.21.0&#8243; _module_preset=&#8221;default&#8221; global_colors_info=&#8221;{}&#8221;][et_pb_row _builder_version=&#8221;4.21.0&#8243; _module_preset=&#8221;default&#8221; global_colors_info=&#8221;{}&#8221;][et_pb_column type=&#8221;4_4&#8243; _builder_version=&#8221;4.21.0&#8243; _module_preset=&#8221;default&#8221; global_colors_info=&#8221;{}&#8221;][et_pb_image src=&#8221;https:\/\/gaelle-cueff-art.com\/wp-content\/uploads\/2023\/07\/Telerama-6.png&#8221; _builder_version=&#8221;4.21.0&#8243; _module_preset=&#8221;default&#8221; global_colors_info=&#8221;{}&#8221;][\/et_pb_image][\/et_pb_column][\/et_pb_row][\/et_pb_section]<\/p>\n","protected":false},"excerpt":{"rendered":"<p>https:\/\/www.telerama.fr\/livre\/le-festival-litteraire-breton-l-ete-des-13-dimanches-tire-sa-reverence-huelgoat-est-un-haut-lieu-pour-l-imaginaire-7016551.php?fbclid=IwAR15YkgqH8CmytROq4VImkWcK7D07aoiiqkxbQ92XRoD-iwGes62_5tqgAg Derni\u00e8re \u00e9dition du festival &#8220;L&#8217;Et\u00e9 des 13 dimanches&#8221; autour du th\u00e8me &#8220;D\u00e9sir d&#8217;espoir&#8221; \u00e0 l&#8217;Ecole des filles de Huelgoat, du 27 au 30 juillet 2023. Quatre apr\u00e8s-midis d&#8217;\u00e9changes et une exposition, &#8220;Fiat lux&#8221;. L&#8217;exposition pr\u00e9sente notamment une douzaine d&#8217;encaustiques de Ga\u00eblle Cueff, qui intervient \u00e9galement le samedi 29 juillet \u00e0 15h.<\/p>\n","protected":false},"author":208,"featured_media":0,"comment_status":"closed","ping_status":"closed","sticky":false,"template":"","format":"standard","meta":{"_et_pb_use_builder":"on","_et_pb_old_content":"","_et_gb_content_width":"","om_disable_all_campaigns":false,"_monsterinsights_skip_tracking":false,"_monsterinsights_sitenote_active":false,"_monsterinsights_sitenote_note":"","_monsterinsights_sitenote_category":0,"_uf_show_specific_survey":0,"_uf_disable_surveys":false,"jetpack_post_was_ever_published":false,"_jetpack_newsletter_access":"","_jetpack_dont_email_post_to_subs":false,"_jetpack_newsletter_tier_id":0,"_jetpack_memberships_contains_paywalled_content":false,"_jetpack_memberships_contains_paid_content":false,"footnotes":"","jetpack_publicize_message":"","jetpack_publicize_feature_enabled":true,"jetpack_social_post_already_shared":true,"jetpack_social_options":{"image_generator_settings":{"template":"highway","default_image_id":0,"font":"","enabled":false},"version":2}},"categories":[43],"tags":[],"class_list":["post-11108","post","type-post","status-publish","format-standard","hentry","category-presse"],"aioseo_notices":[],"yoast_head":"<!-- This site is optimized with the Yoast SEO plugin v27.0 - https:\/\/yoast.com\/product\/yoast-seo-wordpress\/ -->\n<title>T\u00e9l\u00e9rama : Le festival litt\u00e9raire breton L\u2019\u00c9t\u00e9 des 13\u00a0dimanches tire sa r\u00e9v\u00e9rence\u00a0: \u201cHuelgoat est un haut lieu pour l\u2019imaginaire\u201d (24-07-2023) - Ga\u00eblle Cueff Art<\/title>\n<meta name=\"robots\" content=\"index, follow, max-snippet:-1, max-image-preview:large, max-video-preview:-1\" \/>\n<link rel=\"canonical\" href=\"https:\/\/gaelle-cueff-art.com\/2023\/07\/26\/telerama-le-festival-litteraire-breton-lete-des-13-dimanches-tire-sa-reverence-huelgoat-est-un-haut-lieu-pour-limaginaire-24-07-2023\/\" \/>\n<meta property=\"og:locale\" content=\"en_US\" \/>\n<meta property=\"og:type\" content=\"article\" \/>\n<meta property=\"og:title\" content=\"T\u00e9l\u00e9rama : Le festival litt\u00e9raire breton L\u2019\u00c9t\u00e9 des 13\u00a0dimanches tire sa r\u00e9v\u00e9rence\u00a0: \u201cHuelgoat est un haut lieu pour l\u2019imaginaire\u201d (24-07-2023) - Ga\u00eblle Cueff Art\" \/>\n<meta property=\"og:description\" content=\"https:\/\/www.telerama.fr\/livre\/le-festival-litteraire-breton-l-ete-des-13-dimanches-tire-sa-reverence-huelgoat-est-un-haut-lieu-pour-l-imaginaire-7016551.php?fbclid=IwAR15YkgqH8CmytROq4VImkWcK7D07aoiiqkxbQ92XRoD-iwGes62_5tqgAg Derni\u00e8re \u00e9dition du festival &quot;L&#039;Et\u00e9 des 13 dimanches&quot; autour du th\u00e8me &quot;D\u00e9sir d&#039;espoir&quot; \u00e0 l&#039;Ecole des filles de Huelgoat, du 27 au 30 juillet 2023. Quatre apr\u00e8s-midis d&#039;\u00e9changes et une exposition, &quot;Fiat lux&quot;. L&#039;exposition pr\u00e9sente notamment une douzaine d&#039;encaustiques de Ga\u00eblle Cueff, qui intervient \u00e9galement le samedi 29 juillet \u00e0 15h.\" \/>\n<meta property=\"og:url\" content=\"https:\/\/gaelle-cueff-art.com\/2023\/07\/26\/telerama-le-festival-litteraire-breton-lete-des-13-dimanches-tire-sa-reverence-huelgoat-est-un-haut-lieu-pour-limaginaire-24-07-2023\/\" \/>\n<meta property=\"og:site_name\" content=\"Ga\u00eblle Cueff Art\" \/>\n<meta property=\"article:author\" content=\"https:\/\/www.facebook.com\/GaelleCueffArt\" \/>\n<meta property=\"article:published_time\" content=\"2023-07-26T07:42:05+00:00\" \/>\n<meta property=\"article:modified_time\" content=\"2023-07-26T07:44:57+00:00\" \/>\n<meta name=\"author\" content=\"Ga\u00eblle Cueff\" \/>\n<meta name=\"twitter:card\" content=\"summary_large_image\" \/>\n<meta name=\"twitter:label1\" content=\"Written by\" \/>\n\t<meta name=\"twitter:data1\" content=\"Ga\u00eblle Cueff\" \/>\n\t<meta name=\"twitter:label2\" content=\"Est. reading time\" \/>\n\t<meta name=\"twitter:data2\" content=\"1 minute\" \/>\n<script type=\"application\/ld+json\" class=\"yoast-schema-graph\">{\"@context\":\"https:\/\/schema.org\",\"@graph\":[{\"@type\":\"Article\",\"@id\":\"https:\/\/gaelle-cueff-art.com\/2023\/07\/26\/telerama-le-festival-litteraire-breton-lete-des-13-dimanches-tire-sa-reverence-huelgoat-est-un-haut-lieu-pour-limaginaire-24-07-2023\/#article\",\"isPartOf\":{\"@id\":\"https:\/\/gaelle-cueff-art.com\/2023\/07\/26\/telerama-le-festival-litteraire-breton-lete-des-13-dimanches-tire-sa-reverence-huelgoat-est-un-haut-lieu-pour-limaginaire-24-07-2023\/\"},\"author\":{\"name\":\"Ga\u00eblle Cueff\",\"@id\":\"https:\/\/gaelle-cueff-art.com\/#\/schema\/person\/4e3bddd36eb4b3be101c018a46b52b89\"},\"headline\":\"T\u00e9l\u00e9rama : Le festival litt\u00e9raire breton L\u2019\u00c9t\u00e9 des 13\u00a0dimanches tire sa r\u00e9v\u00e9rence\u00a0: \u201cHuelgoat est un haut lieu pour l\u2019imaginaire\u201d (24-07-2023)\",\"datePublished\":\"2023-07-26T07:42:05+00:00\",\"dateModified\":\"2023-07-26T07:44:57+00:00\",\"mainEntityOfPage\":{\"@id\":\"https:\/\/gaelle-cueff-art.com\/2023\/07\/26\/telerama-le-festival-litteraire-breton-lete-des-13-dimanches-tire-sa-reverence-huelgoat-est-un-haut-lieu-pour-limaginaire-24-07-2023\/\"},\"wordCount\":612,\"articleSection\":[\"Presse\"],\"inLanguage\":\"en-US\"},{\"@type\":\"WebPage\",\"@id\":\"https:\/\/gaelle-cueff-art.com\/2023\/07\/26\/telerama-le-festival-litteraire-breton-lete-des-13-dimanches-tire-sa-reverence-huelgoat-est-un-haut-lieu-pour-limaginaire-24-07-2023\/\",\"url\":\"https:\/\/gaelle-cueff-art.com\/2023\/07\/26\/telerama-le-festival-litteraire-breton-lete-des-13-dimanches-tire-sa-reverence-huelgoat-est-un-haut-lieu-pour-limaginaire-24-07-2023\/\",\"name\":\"T\u00e9l\u00e9rama : Le festival litt\u00e9raire breton L\u2019\u00c9t\u00e9 des 13\u00a0dimanches tire sa r\u00e9v\u00e9rence\u00a0: \u201cHuelgoat est un haut lieu pour l\u2019imaginaire\u201d (24-07-2023) - Ga\u00eblle Cueff Art\",\"isPartOf\":{\"@id\":\"https:\/\/gaelle-cueff-art.com\/#website\"},\"datePublished\":\"2023-07-26T07:42:05+00:00\",\"dateModified\":\"2023-07-26T07:44:57+00:00\",\"author\":{\"@id\":\"https:\/\/gaelle-cueff-art.com\/#\/schema\/person\/4e3bddd36eb4b3be101c018a46b52b89\"},\"breadcrumb\":{\"@id\":\"https:\/\/gaelle-cueff-art.com\/2023\/07\/26\/telerama-le-festival-litteraire-breton-lete-des-13-dimanches-tire-sa-reverence-huelgoat-est-un-haut-lieu-pour-limaginaire-24-07-2023\/#breadcrumb\"},\"inLanguage\":\"en-US\",\"potentialAction\":[{\"@type\":\"ReadAction\",\"target\":[\"https:\/\/gaelle-cueff-art.com\/2023\/07\/26\/telerama-le-festival-litteraire-breton-lete-des-13-dimanches-tire-sa-reverence-huelgoat-est-un-haut-lieu-pour-limaginaire-24-07-2023\/\"]}]},{\"@type\":\"BreadcrumbList\",\"@id\":\"https:\/\/gaelle-cueff-art.com\/2023\/07\/26\/telerama-le-festival-litteraire-breton-lete-des-13-dimanches-tire-sa-reverence-huelgoat-est-un-haut-lieu-pour-limaginaire-24-07-2023\/#breadcrumb\",\"itemListElement\":[{\"@type\":\"ListItem\",\"position\":1,\"name\":\"Home\",\"item\":\"https:\/\/gaelle-cueff-art.com\/\"},{\"@type\":\"ListItem\",\"position\":2,\"name\":\"T\u00e9l\u00e9rama : Le festival litt\u00e9raire breton L\u2019\u00c9t\u00e9 des 13\u00a0dimanches tire sa r\u00e9v\u00e9rence\u00a0: \u201cHuelgoat est un haut lieu pour l\u2019imaginaire\u201d (24-07-2023)\"}]},{\"@type\":\"WebSite\",\"@id\":\"https:\/\/gaelle-cueff-art.com\/#website\",\"url\":\"https:\/\/gaelle-cueff-art.com\/\",\"name\":\"Ga\u00eblle Cueff Art\",\"description\":\"\",\"potentialAction\":[{\"@type\":\"SearchAction\",\"target\":{\"@type\":\"EntryPoint\",\"urlTemplate\":\"https:\/\/gaelle-cueff-art.com\/?s={search_term_string}\"},\"query-input\":{\"@type\":\"PropertyValueSpecification\",\"valueRequired\":true,\"valueName\":\"search_term_string\"}}],\"inLanguage\":\"en-US\"},{\"@type\":\"Person\",\"@id\":\"https:\/\/gaelle-cueff-art.com\/#\/schema\/person\/4e3bddd36eb4b3be101c018a46b52b89\",\"name\":\"Ga\u00eblle Cueff\",\"sameAs\":[\"https:\/\/www.facebook.com\/GaelleCueffArt\",\"https:\/\/www.instagram.com\/gaellecueffart\/\"],\"url\":\"https:\/\/gaelle-cueff-art.com\/en\/author\/gaellecueff\/\"}]}<\/script>\n<!-- \/ Yoast SEO plugin. -->","yoast_head_json":{"title":"T\u00e9l\u00e9rama : Le festival litt\u00e9raire breton L\u2019\u00c9t\u00e9 des 13\u00a0dimanches tire sa r\u00e9v\u00e9rence\u00a0: \u201cHuelgoat est un haut lieu pour l\u2019imaginaire\u201d (24-07-2023) - Ga\u00eblle Cueff Art","robots":{"index":"index","follow":"follow","max-snippet":"max-snippet:-1","max-image-preview":"max-image-preview:large","max-video-preview":"max-video-preview:-1"},"canonical":"https:\/\/gaelle-cueff-art.com\/2023\/07\/26\/telerama-le-festival-litteraire-breton-lete-des-13-dimanches-tire-sa-reverence-huelgoat-est-un-haut-lieu-pour-limaginaire-24-07-2023\/","og_locale":"en_US","og_type":"article","og_title":"T\u00e9l\u00e9rama : Le festival litt\u00e9raire breton L\u2019\u00c9t\u00e9 des 13\u00a0dimanches tire sa r\u00e9v\u00e9rence\u00a0: \u201cHuelgoat est un haut lieu pour l\u2019imaginaire\u201d (24-07-2023) - Ga\u00eblle Cueff Art","og_description":"https:\/\/www.telerama.fr\/livre\/le-festival-litteraire-breton-l-ete-des-13-dimanches-tire-sa-reverence-huelgoat-est-un-haut-lieu-pour-l-imaginaire-7016551.php?fbclid=IwAR15YkgqH8CmytROq4VImkWcK7D07aoiiqkxbQ92XRoD-iwGes62_5tqgAg Derni\u00e8re \u00e9dition du festival \"L'Et\u00e9 des 13 dimanches\" autour du th\u00e8me \"D\u00e9sir d'espoir\" \u00e0 l'Ecole des filles de Huelgoat, du 27 au 30 juillet 2023. Quatre apr\u00e8s-midis d'\u00e9changes et une exposition, \"Fiat lux\". L'exposition pr\u00e9sente notamment une douzaine d'encaustiques de Ga\u00eblle Cueff, qui intervient \u00e9galement le samedi 29 juillet \u00e0 15h.","og_url":"https:\/\/gaelle-cueff-art.com\/2023\/07\/26\/telerama-le-festival-litteraire-breton-lete-des-13-dimanches-tire-sa-reverence-huelgoat-est-un-haut-lieu-pour-limaginaire-24-07-2023\/","og_site_name":"Ga\u00eblle Cueff Art","article_author":"https:\/\/www.facebook.com\/GaelleCueffArt","article_published_time":"2023-07-26T07:42:05+00:00","article_modified_time":"2023-07-26T07:44:57+00:00","author":"Ga\u00eblle Cueff","twitter_card":"summary_large_image","twitter_misc":{"Written by":"Ga\u00eblle Cueff","Est. reading time":"1 minute"},"schema":{"@context":"https:\/\/schema.org","@graph":[{"@type":"Article","@id":"https:\/\/gaelle-cueff-art.com\/2023\/07\/26\/telerama-le-festival-litteraire-breton-lete-des-13-dimanches-tire-sa-reverence-huelgoat-est-un-haut-lieu-pour-limaginaire-24-07-2023\/#article","isPartOf":{"@id":"https:\/\/gaelle-cueff-art.com\/2023\/07\/26\/telerama-le-festival-litteraire-breton-lete-des-13-dimanches-tire-sa-reverence-huelgoat-est-un-haut-lieu-pour-limaginaire-24-07-2023\/"},"author":{"name":"Ga\u00eblle Cueff","@id":"https:\/\/gaelle-cueff-art.com\/#\/schema\/person\/4e3bddd36eb4b3be101c018a46b52b89"},"headline":"T\u00e9l\u00e9rama : Le festival litt\u00e9raire breton L\u2019\u00c9t\u00e9 des 13\u00a0dimanches tire sa r\u00e9v\u00e9rence\u00a0: \u201cHuelgoat est un haut lieu pour l\u2019imaginaire\u201d (24-07-2023)","datePublished":"2023-07-26T07:42:05+00:00","dateModified":"2023-07-26T07:44:57+00:00","mainEntityOfPage":{"@id":"https:\/\/gaelle-cueff-art.com\/2023\/07\/26\/telerama-le-festival-litteraire-breton-lete-des-13-dimanches-tire-sa-reverence-huelgoat-est-un-haut-lieu-pour-limaginaire-24-07-2023\/"},"wordCount":612,"articleSection":["Presse"],"inLanguage":"en-US"},{"@type":"WebPage","@id":"https:\/\/gaelle-cueff-art.com\/2023\/07\/26\/telerama-le-festival-litteraire-breton-lete-des-13-dimanches-tire-sa-reverence-huelgoat-est-un-haut-lieu-pour-limaginaire-24-07-2023\/","url":"https:\/\/gaelle-cueff-art.com\/2023\/07\/26\/telerama-le-festival-litteraire-breton-lete-des-13-dimanches-tire-sa-reverence-huelgoat-est-un-haut-lieu-pour-limaginaire-24-07-2023\/","name":"T\u00e9l\u00e9rama : Le festival litt\u00e9raire breton L\u2019\u00c9t\u00e9 des 13\u00a0dimanches tire sa r\u00e9v\u00e9rence\u00a0: \u201cHuelgoat est un haut lieu pour l\u2019imaginaire\u201d (24-07-2023) - Ga\u00eblle Cueff Art","isPartOf":{"@id":"https:\/\/gaelle-cueff-art.com\/#website"},"datePublished":"2023-07-26T07:42:05+00:00","dateModified":"2023-07-26T07:44:57+00:00","author":{"@id":"https:\/\/gaelle-cueff-art.com\/#\/schema\/person\/4e3bddd36eb4b3be101c018a46b52b89"},"breadcrumb":{"@id":"https:\/\/gaelle-cueff-art.com\/2023\/07\/26\/telerama-le-festival-litteraire-breton-lete-des-13-dimanches-tire-sa-reverence-huelgoat-est-un-haut-lieu-pour-limaginaire-24-07-2023\/#breadcrumb"},"inLanguage":"en-US","potentialAction":[{"@type":"ReadAction","target":["https:\/\/gaelle-cueff-art.com\/2023\/07\/26\/telerama-le-festival-litteraire-breton-lete-des-13-dimanches-tire-sa-reverence-huelgoat-est-un-haut-lieu-pour-limaginaire-24-07-2023\/"]}]},{"@type":"BreadcrumbList","@id":"https:\/\/gaelle-cueff-art.com\/2023\/07\/26\/telerama-le-festival-litteraire-breton-lete-des-13-dimanches-tire-sa-reverence-huelgoat-est-un-haut-lieu-pour-limaginaire-24-07-2023\/#breadcrumb","itemListElement":[{"@type":"ListItem","position":1,"name":"Home","item":"https:\/\/gaelle-cueff-art.com\/"},{"@type":"ListItem","position":2,"name":"T\u00e9l\u00e9rama : Le festival litt\u00e9raire breton L\u2019\u00c9t\u00e9 des 13\u00a0dimanches tire sa r\u00e9v\u00e9rence\u00a0: \u201cHuelgoat est un haut lieu pour l\u2019imaginaire\u201d (24-07-2023)"}]},{"@type":"WebSite","@id":"https:\/\/gaelle-cueff-art.com\/#website","url":"https:\/\/gaelle-cueff-art.com\/","name":"Ga\u00eblle Cueff Art","description":"","potentialAction":[{"@type":"SearchAction","target":{"@type":"EntryPoint","urlTemplate":"https:\/\/gaelle-cueff-art.com\/?s={search_term_string}"},"query-input":{"@type":"PropertyValueSpecification","valueRequired":true,"valueName":"search_term_string"}}],"inLanguage":"en-US"},{"@type":"Person","@id":"https:\/\/gaelle-cueff-art.com\/#\/schema\/person\/4e3bddd36eb4b3be101c018a46b52b89","name":"Ga\u00eblle Cueff","sameAs":["https:\/\/www.facebook.com\/GaelleCueffArt","https:\/\/www.instagram.com\/gaellecueffart\/"],"url":"https:\/\/gaelle-cueff-art.com\/en\/author\/gaellecueff\/"}]}},"jetpack_publicize_connections":[],"jetpack_featured_media_url":"","jetpack_sharing_enabled":true,"jetpack_shortlink":"https:\/\/wp.me\/p9YwYR-2Ta","jetpack-related-posts":[{"id":10059,"url":"https:\/\/gaelle-cueff-art.com\/en\/2022\/10\/21\/arte-radio-rencontre-autour-du-festival-des-vignes-entre-les-lignes\/","url_meta":{"origin":11108,"position":0},"title":"Arte radio : rencontre autour du festival &#8220;Des vignes entre les lignes&#8221;","author":"Ga\u00eblle Cueff","date":"21\/10\/2022","format":false,"excerpt":"Emission de Voci Animu sur le festival \"Des Vignes entre les lignes\" \u00e0 la m\u00e9diath\u00e8que Animu de Porto Vecchio. L'amission d'une du\u00e9 de 20 mn est \u00e9coutable ici : https:\/\/audioblog.arteradio.com\/blog\/191498\/podcast\/191779\/13-10-2022-rencontre-avec-dominique-memmi-claire-cecchini-elisabeth-quilichini-et-gaelle-cueff#","rel":"","context":"In &quot;Presse&quot;","block_context":{"text":"Presse","link":"https:\/\/gaelle-cueff-art.com\/category\/presse\/"},"img":{"alt_text":"","src":"https:\/\/i0.wp.com\/gaelle-cueff-art.com\/wp-content\/uploads\/2022\/10\/Capture-de%CC%81cran-2022-10-21-a%CC%80-17.29.31.png?resize=350%2C200&ssl=1","width":350,"height":200,"srcset":"https:\/\/i0.wp.com\/gaelle-cueff-art.com\/wp-content\/uploads\/2022\/10\/Capture-de%CC%81cran-2022-10-21-a%CC%80-17.29.31.png?resize=350%2C200&ssl=1 1x, https:\/\/i0.wp.com\/gaelle-cueff-art.com\/wp-content\/uploads\/2022\/10\/Capture-de%CC%81cran-2022-10-21-a%CC%80-17.29.31.png?resize=525%2C300&ssl=1 1.5x, https:\/\/i0.wp.com\/gaelle-cueff-art.com\/wp-content\/uploads\/2022\/10\/Capture-de%CC%81cran-2022-10-21-a%CC%80-17.29.31.png?resize=700%2C400&ssl=1 2x"},"classes":[]},{"id":720,"url":"https:\/\/gaelle-cueff-art.com\/en\/2017\/09\/03\/jexpose-a-lermitage-de-mars-a-decembre\/","url_meta":{"origin":11108,"position":1},"title":"Rencontres Photographiques du 10e, du 16 au 30 octobre \u00e0 l&#8217;ESIS","author":"Ga\u00eblle Cueff","date":"03\/09\/2017","format":false,"excerpt":"Du 16 au 30 octobre, j'exposerai \u00e0 l'ESIS (Ecole Sup\u00e9rieure de l'Image et du Son), 39 rue de la Grange aux Belles, dans le cadre de la septi\u00e8me \u00e9dition des Rencontres Photographiques du 10e. Cette biennale initi\u00e9e en 2005 par l\u2019\u00e9quipe de la biblioth\u00e8que Ch\u00e2teau d\u2019Eau et la\u00a0Mairie du 10e\u2026","rel":"","context":"In &quot;Expositions&quot;","block_context":{"text":"Expositions","link":"https:\/\/gaelle-cueff-art.com\/category\/expositions\/"},"img":{"alt_text":"","src":"","width":0,"height":0},"classes":[]}],"_links":{"self":[{"href":"https:\/\/gaelle-cueff-art.com\/en\/wp-json\/wp\/v2\/posts\/11108","targetHints":{"allow":["GET"]}}],"collection":[{"href":"https:\/\/gaelle-cueff-art.com\/en\/wp-json\/wp\/v2\/posts"}],"about":[{"href":"https:\/\/gaelle-cueff-art.com\/en\/wp-json\/wp\/v2\/types\/post"}],"author":[{"embeddable":true,"href":"https:\/\/gaelle-cueff-art.com\/en\/wp-json\/wp\/v2\/users\/208"}],"replies":[{"embeddable":true,"href":"https:\/\/gaelle-cueff-art.com\/en\/wp-json\/wp\/v2\/comments?post=11108"}],"version-history":[{"count":6,"href":"https:\/\/gaelle-cueff-art.com\/en\/wp-json\/wp\/v2\/posts\/11108\/revisions"}],"predecessor-version":[{"id":11136,"href":"https:\/\/gaelle-cueff-art.com\/en\/wp-json\/wp\/v2\/posts\/11108\/revisions\/11136"}],"wp:attachment":[{"href":"https:\/\/gaelle-cueff-art.com\/en\/wp-json\/wp\/v2\/media?parent=11108"}],"wp:term":[{"taxonomy":"category","embeddable":true,"href":"https:\/\/gaelle-cueff-art.com\/en\/wp-json\/wp\/v2\/categories?post=11108"},{"taxonomy":"post_tag","embeddable":true,"href":"https:\/\/gaelle-cueff-art.com\/en\/wp-json\/wp\/v2\/tags?post=11108"}],"curies":[{"name":"wp","href":"https:\/\/api.w.org\/{rel}","templated":true}]}}