{"id":10068,"date":"2022-10-21T18:05:25","date_gmt":"2022-10-21T16:05:25","guid":{"rendered":"https:\/\/gaelle-cueff-art.com\/?p=10068"},"modified":"2023-01-16T09:54:51","modified_gmt":"2023-01-16T07:54:51","slug":"corse-matin-26-septembre-2022-i-scontri-di-libriacchi-exposition-degustation-et-spectacle-autour-du-vin","status":"publish","type":"post","link":"https:\/\/gaelle-cueff-art.com\/en\/2022\/10\/21\/corse-matin-26-septembre-2022-i-scontri-di-libriacchi-exposition-degustation-et-spectacle-autour-du-vin\/","title":{"rendered":"Corse-Matin 26 septembre 2022 : I Scontri di libriacchi, exposition, d\u00e9gustation et spectacle autour du vin"},"content":{"rendered":"\n<figure class=\"wp-block-image size-full\"><img data-recalc-dims=\"1\" loading=\"lazy\" decoding=\"async\" width=\"750\" height=\"563\" src=\"https:\/\/i0.wp.com\/gaelle-cueff-art.com\/wp-content\/uploads\/2022\/10\/presse-Corse-Matin-26-09-22.jpeg?resize=750%2C563&#038;ssl=1\" alt=\"\" class=\"wp-image-10069\" srcset=\"https:\/\/gaelle-cueff-art.com\/wp-content\/uploads\/2022\/10\/presse-Corse-Matin-26-09-22.jpeg 750w, https:\/\/gaelle-cueff-art.com\/wp-content\/uploads\/2022\/10\/presse-Corse-Matin-26-09-22-480x360.jpeg 480w\" sizes=\"(min-width: 0px) and (max-width: 480px) 480px, (min-width: 481px) 750px, 100vw\" \/><\/figure>\n\n\n","protected":false},"excerpt":{"rendered":"","protected":false},"author":208,"featured_media":0,"comment_status":"closed","ping_status":"closed","sticky":false,"template":"","format":"standard","meta":{"_et_pb_use_builder":"","_et_pb_old_content":"","_et_gb_content_width":"","om_disable_all_campaigns":false,"_monsterinsights_skip_tracking":false,"_monsterinsights_sitenote_active":false,"_monsterinsights_sitenote_note":"","_monsterinsights_sitenote_category":0,"_uf_show_specific_survey":0,"_uf_disable_surveys":false,"jetpack_post_was_ever_published":false,"_jetpack_newsletter_access":"","_jetpack_dont_email_post_to_subs":false,"_jetpack_newsletter_tier_id":0,"_jetpack_memberships_contains_paywalled_content":false,"_jetpack_memberships_contains_paid_content":false,"footnotes":"","jetpack_publicize_message":"","jetpack_publicize_feature_enabled":true,"jetpack_social_post_already_shared":true,"jetpack_social_options":{"image_generator_settings":{"template":"highway","default_image_id":0,"font":"","enabled":false},"version":2}},"categories":[43],"tags":[],"class_list":["post-10068","post","type-post","status-publish","format-standard","hentry","category-presse"],"aioseo_notices":[],"yoast_head":"<!-- This site is optimized with the Yoast SEO plugin v27.0 - https:\/\/yoast.com\/product\/yoast-seo-wordpress\/ -->\n<title>Corse-Matin 26 septembre 2022 : I Scontri di libriacchi, exposition, d\u00e9gustation et spectacle autour du vin - Ga\u00eblle Cueff Art<\/title>\n<meta name=\"robots\" content=\"index, follow, max-snippet:-1, max-image-preview:large, max-video-preview:-1\" \/>\n<link rel=\"canonical\" href=\"https:\/\/gaelle-cueff-art.com\/2022\/10\/21\/corse-matin-26-septembre-2022-i-scontri-di-libriacchi-exposition-degustation-et-spectacle-autour-du-vin\/\" \/>\n<meta property=\"og:locale\" content=\"en_US\" \/>\n<meta property=\"og:type\" content=\"article\" \/>\n<meta property=\"og:title\" content=\"Corse-Matin 26 septembre 2022 : I Scontri di libriacchi, exposition, d\u00e9gustation et spectacle autour du vin - Ga\u00eblle Cueff Art\" \/>\n<meta property=\"og:url\" content=\"https:\/\/gaelle-cueff-art.com\/2022\/10\/21\/corse-matin-26-septembre-2022-i-scontri-di-libriacchi-exposition-degustation-et-spectacle-autour-du-vin\/\" \/>\n<meta property=\"og:site_name\" content=\"Ga\u00eblle Cueff Art\" \/>\n<meta property=\"article:author\" content=\"https:\/\/www.facebook.com\/GaelleCueffArt\" \/>\n<meta property=\"article:published_time\" content=\"2022-10-21T16:05:25+00:00\" \/>\n<meta property=\"article:modified_time\" content=\"2023-01-16T07:54:51+00:00\" \/>\n<meta property=\"og:image\" content=\"https:\/\/gaelle-cueff-art.com\/wp-content\/uploads\/2022\/10\/presse-Corse-Matin-26-09-22.jpeg\" \/>\n<meta name=\"author\" content=\"Ga\u00eblle Cueff\" \/>\n<meta name=\"twitter:card\" content=\"summary_large_image\" \/>\n<meta name=\"twitter:label1\" content=\"Written by\" \/>\n\t<meta name=\"twitter:data1\" content=\"Ga\u00eblle Cueff\" \/>\n\t<meta name=\"twitter:label2\" content=\"Est. reading time\" \/>\n\t<meta name=\"twitter:data2\" content=\"1 minute\" \/>\n<script type=\"application\/ld+json\" class=\"yoast-schema-graph\">{\"@context\":\"https:\/\/schema.org\",\"@graph\":[{\"@type\":\"Article\",\"@id\":\"https:\/\/gaelle-cueff-art.com\/2022\/10\/21\/corse-matin-26-septembre-2022-i-scontri-di-libriacchi-exposition-degustation-et-spectacle-autour-du-vin\/#article\",\"isPartOf\":{\"@id\":\"https:\/\/gaelle-cueff-art.com\/2022\/10\/21\/corse-matin-26-septembre-2022-i-scontri-di-libriacchi-exposition-degustation-et-spectacle-autour-du-vin\/\"},\"author\":{\"name\":\"Ga\u00eblle Cueff\",\"@id\":\"https:\/\/gaelle-cueff-art.com\/#\/schema\/person\/4e3bddd36eb4b3be101c018a46b52b89\"},\"headline\":\"Corse-Matin 26 septembre 2022 : I Scontri di libriacchi, exposition, d\u00e9gustation et spectacle autour du vin\",\"datePublished\":\"2022-10-21T16:05:25+00:00\",\"dateModified\":\"2023-01-16T07:54:51+00:00\",\"mainEntityOfPage\":{\"@id\":\"https:\/\/gaelle-cueff-art.com\/2022\/10\/21\/corse-matin-26-septembre-2022-i-scontri-di-libriacchi-exposition-degustation-et-spectacle-autour-du-vin\/\"},\"wordCount\":14,\"image\":{\"@id\":\"https:\/\/gaelle-cueff-art.com\/2022\/10\/21\/corse-matin-26-septembre-2022-i-scontri-di-libriacchi-exposition-degustation-et-spectacle-autour-du-vin\/#primaryimage\"},\"thumbnailUrl\":\"https:\/\/gaelle-cueff-art.com\/wp-content\/uploads\/2022\/10\/presse-Corse-Matin-26-09-22.jpeg\",\"articleSection\":[\"Presse\"],\"inLanguage\":\"en-US\"},{\"@type\":\"WebPage\",\"@id\":\"https:\/\/gaelle-cueff-art.com\/2022\/10\/21\/corse-matin-26-septembre-2022-i-scontri-di-libriacchi-exposition-degustation-et-spectacle-autour-du-vin\/\",\"url\":\"https:\/\/gaelle-cueff-art.com\/2022\/10\/21\/corse-matin-26-septembre-2022-i-scontri-di-libriacchi-exposition-degustation-et-spectacle-autour-du-vin\/\",\"name\":\"Corse-Matin 26 septembre 2022 : I Scontri di libriacchi, exposition, d\u00e9gustation et spectacle autour du vin - Ga\u00eblle Cueff Art\",\"isPartOf\":{\"@id\":\"https:\/\/gaelle-cueff-art.com\/#website\"},\"primaryImageOfPage\":{\"@id\":\"https:\/\/gaelle-cueff-art.com\/2022\/10\/21\/corse-matin-26-septembre-2022-i-scontri-di-libriacchi-exposition-degustation-et-spectacle-autour-du-vin\/#primaryimage\"},\"image\":{\"@id\":\"https:\/\/gaelle-cueff-art.com\/2022\/10\/21\/corse-matin-26-septembre-2022-i-scontri-di-libriacchi-exposition-degustation-et-spectacle-autour-du-vin\/#primaryimage\"},\"thumbnailUrl\":\"https:\/\/gaelle-cueff-art.com\/wp-content\/uploads\/2022\/10\/presse-Corse-Matin-26-09-22.jpeg\",\"datePublished\":\"2022-10-21T16:05:25+00:00\",\"dateModified\":\"2023-01-16T07:54:51+00:00\",\"author\":{\"@id\":\"https:\/\/gaelle-cueff-art.com\/#\/schema\/person\/4e3bddd36eb4b3be101c018a46b52b89\"},\"breadcrumb\":{\"@id\":\"https:\/\/gaelle-cueff-art.com\/2022\/10\/21\/corse-matin-26-septembre-2022-i-scontri-di-libriacchi-exposition-degustation-et-spectacle-autour-du-vin\/#breadcrumb\"},\"inLanguage\":\"en-US\",\"potentialAction\":[{\"@type\":\"ReadAction\",\"target\":[\"https:\/\/gaelle-cueff-art.com\/2022\/10\/21\/corse-matin-26-septembre-2022-i-scontri-di-libriacchi-exposition-degustation-et-spectacle-autour-du-vin\/\"]}]},{\"@type\":\"ImageObject\",\"inLanguage\":\"en-US\",\"@id\":\"https:\/\/gaelle-cueff-art.com\/2022\/10\/21\/corse-matin-26-septembre-2022-i-scontri-di-libriacchi-exposition-degustation-et-spectacle-autour-du-vin\/#primaryimage\",\"url\":\"https:\/\/gaelle-cueff-art.com\/wp-content\/uploads\/2022\/10\/presse-Corse-Matin-26-09-22.jpeg\",\"contentUrl\":\"https:\/\/gaelle-cueff-art.com\/wp-content\/uploads\/2022\/10\/presse-Corse-Matin-26-09-22.jpeg\"},{\"@type\":\"BreadcrumbList\",\"@id\":\"https:\/\/gaelle-cueff-art.com\/2022\/10\/21\/corse-matin-26-septembre-2022-i-scontri-di-libriacchi-exposition-degustation-et-spectacle-autour-du-vin\/#breadcrumb\",\"itemListElement\":[{\"@type\":\"ListItem\",\"position\":1,\"name\":\"Home\",\"item\":\"https:\/\/gaelle-cueff-art.com\/\"},{\"@type\":\"ListItem\",\"position\":2,\"name\":\"Corse-Matin 26 septembre 2022 : I Scontri di libriacchi, exposition, d\u00e9gustation et spectacle autour du vin\"}]},{\"@type\":\"WebSite\",\"@id\":\"https:\/\/gaelle-cueff-art.com\/#website\",\"url\":\"https:\/\/gaelle-cueff-art.com\/\",\"name\":\"Ga\u00eblle Cueff Art\",\"description\":\"\",\"potentialAction\":[{\"@type\":\"SearchAction\",\"target\":{\"@type\":\"EntryPoint\",\"urlTemplate\":\"https:\/\/gaelle-cueff-art.com\/?s={search_term_string}\"},\"query-input\":{\"@type\":\"PropertyValueSpecification\",\"valueRequired\":true,\"valueName\":\"search_term_string\"}}],\"inLanguage\":\"en-US\"},{\"@type\":\"Person\",\"@id\":\"https:\/\/gaelle-cueff-art.com\/#\/schema\/person\/4e3bddd36eb4b3be101c018a46b52b89\",\"name\":\"Ga\u00eblle Cueff\",\"sameAs\":[\"https:\/\/www.facebook.com\/GaelleCueffArt\",\"https:\/\/www.instagram.com\/gaellecueffart\/\"],\"url\":\"https:\/\/gaelle-cueff-art.com\/en\/author\/gaellecueff\/\"}]}<\/script>\n<!-- \/ Yoast SEO plugin. -->","yoast_head_json":{"title":"Corse-Matin 26 septembre 2022 : I Scontri di libriacchi, exposition, d\u00e9gustation et spectacle autour du vin - Ga\u00eblle Cueff Art","robots":{"index":"index","follow":"follow","max-snippet":"max-snippet:-1","max-image-preview":"max-image-preview:large","max-video-preview":"max-video-preview:-1"},"canonical":"https:\/\/gaelle-cueff-art.com\/2022\/10\/21\/corse-matin-26-septembre-2022-i-scontri-di-libriacchi-exposition-degustation-et-spectacle-autour-du-vin\/","og_locale":"en_US","og_type":"article","og_title":"Corse-Matin 26 septembre 2022 : I Scontri di libriacchi, exposition, d\u00e9gustation et spectacle autour du vin - Ga\u00eblle Cueff Art","og_url":"https:\/\/gaelle-cueff-art.com\/2022\/10\/21\/corse-matin-26-septembre-2022-i-scontri-di-libriacchi-exposition-degustation-et-spectacle-autour-du-vin\/","og_site_name":"Ga\u00eblle Cueff Art","article_author":"https:\/\/www.facebook.com\/GaelleCueffArt","article_published_time":"2022-10-21T16:05:25+00:00","article_modified_time":"2023-01-16T07:54:51+00:00","og_image":[{"url":"https:\/\/gaelle-cueff-art.com\/wp-content\/uploads\/2022\/10\/presse-Corse-Matin-26-09-22.jpeg","type":"","width":"","height":""}],"author":"Ga\u00eblle Cueff","twitter_card":"summary_large_image","twitter_misc":{"Written by":"Ga\u00eblle Cueff","Est. reading time":"1 minute"},"schema":{"@context":"https:\/\/schema.org","@graph":[{"@type":"Article","@id":"https:\/\/gaelle-cueff-art.com\/2022\/10\/21\/corse-matin-26-septembre-2022-i-scontri-di-libriacchi-exposition-degustation-et-spectacle-autour-du-vin\/#article","isPartOf":{"@id":"https:\/\/gaelle-cueff-art.com\/2022\/10\/21\/corse-matin-26-septembre-2022-i-scontri-di-libriacchi-exposition-degustation-et-spectacle-autour-du-vin\/"},"author":{"name":"Ga\u00eblle Cueff","@id":"https:\/\/gaelle-cueff-art.com\/#\/schema\/person\/4e3bddd36eb4b3be101c018a46b52b89"},"headline":"Corse-Matin 26 septembre 2022 : I Scontri di libriacchi, exposition, d\u00e9gustation et spectacle autour du vin","datePublished":"2022-10-21T16:05:25+00:00","dateModified":"2023-01-16T07:54:51+00:00","mainEntityOfPage":{"@id":"https:\/\/gaelle-cueff-art.com\/2022\/10\/21\/corse-matin-26-septembre-2022-i-scontri-di-libriacchi-exposition-degustation-et-spectacle-autour-du-vin\/"},"wordCount":14,"image":{"@id":"https:\/\/gaelle-cueff-art.com\/2022\/10\/21\/corse-matin-26-septembre-2022-i-scontri-di-libriacchi-exposition-degustation-et-spectacle-autour-du-vin\/#primaryimage"},"thumbnailUrl":"https:\/\/gaelle-cueff-art.com\/wp-content\/uploads\/2022\/10\/presse-Corse-Matin-26-09-22.jpeg","articleSection":["Presse"],"inLanguage":"en-US"},{"@type":"WebPage","@id":"https:\/\/gaelle-cueff-art.com\/2022\/10\/21\/corse-matin-26-septembre-2022-i-scontri-di-libriacchi-exposition-degustation-et-spectacle-autour-du-vin\/","url":"https:\/\/gaelle-cueff-art.com\/2022\/10\/21\/corse-matin-26-septembre-2022-i-scontri-di-libriacchi-exposition-degustation-et-spectacle-autour-du-vin\/","name":"Corse-Matin 26 septembre 2022 : I Scontri di libriacchi, exposition, d\u00e9gustation et spectacle autour du vin - Ga\u00eblle Cueff Art","isPartOf":{"@id":"https:\/\/gaelle-cueff-art.com\/#website"},"primaryImageOfPage":{"@id":"https:\/\/gaelle-cueff-art.com\/2022\/10\/21\/corse-matin-26-septembre-2022-i-scontri-di-libriacchi-exposition-degustation-et-spectacle-autour-du-vin\/#primaryimage"},"image":{"@id":"https:\/\/gaelle-cueff-art.com\/2022\/10\/21\/corse-matin-26-septembre-2022-i-scontri-di-libriacchi-exposition-degustation-et-spectacle-autour-du-vin\/#primaryimage"},"thumbnailUrl":"https:\/\/gaelle-cueff-art.com\/wp-content\/uploads\/2022\/10\/presse-Corse-Matin-26-09-22.jpeg","datePublished":"2022-10-21T16:05:25+00:00","dateModified":"2023-01-16T07:54:51+00:00","author":{"@id":"https:\/\/gaelle-cueff-art.com\/#\/schema\/person\/4e3bddd36eb4b3be101c018a46b52b89"},"breadcrumb":{"@id":"https:\/\/gaelle-cueff-art.com\/2022\/10\/21\/corse-matin-26-septembre-2022-i-scontri-di-libriacchi-exposition-degustation-et-spectacle-autour-du-vin\/#breadcrumb"},"inLanguage":"en-US","potentialAction":[{"@type":"ReadAction","target":["https:\/\/gaelle-cueff-art.com\/2022\/10\/21\/corse-matin-26-septembre-2022-i-scontri-di-libriacchi-exposition-degustation-et-spectacle-autour-du-vin\/"]}]},{"@type":"ImageObject","inLanguage":"en-US","@id":"https:\/\/gaelle-cueff-art.com\/2022\/10\/21\/corse-matin-26-septembre-2022-i-scontri-di-libriacchi-exposition-degustation-et-spectacle-autour-du-vin\/#primaryimage","url":"https:\/\/gaelle-cueff-art.com\/wp-content\/uploads\/2022\/10\/presse-Corse-Matin-26-09-22.jpeg","contentUrl":"https:\/\/gaelle-cueff-art.com\/wp-content\/uploads\/2022\/10\/presse-Corse-Matin-26-09-22.jpeg"},{"@type":"BreadcrumbList","@id":"https:\/\/gaelle-cueff-art.com\/2022\/10\/21\/corse-matin-26-septembre-2022-i-scontri-di-libriacchi-exposition-degustation-et-spectacle-autour-du-vin\/#breadcrumb","itemListElement":[{"@type":"ListItem","position":1,"name":"Home","item":"https:\/\/gaelle-cueff-art.com\/"},{"@type":"ListItem","position":2,"name":"Corse-Matin 26 septembre 2022 : I Scontri di libriacchi, exposition, d\u00e9gustation et spectacle autour du vin"}]},{"@type":"WebSite","@id":"https:\/\/gaelle-cueff-art.com\/#website","url":"https:\/\/gaelle-cueff-art.com\/","name":"Ga\u00eblle Cueff Art","description":"","potentialAction":[{"@type":"SearchAction","target":{"@type":"EntryPoint","urlTemplate":"https:\/\/gaelle-cueff-art.com\/?s={search_term_string}"},"query-input":{"@type":"PropertyValueSpecification","valueRequired":true,"valueName":"search_term_string"}}],"inLanguage":"en-US"},{"@type":"Person","@id":"https:\/\/gaelle-cueff-art.com\/#\/schema\/person\/4e3bddd36eb4b3be101c018a46b52b89","name":"Ga\u00eblle Cueff","sameAs":["https:\/\/www.facebook.com\/GaelleCueffArt","https:\/\/www.instagram.com\/gaellecueffart\/"],"url":"https:\/\/gaelle-cueff-art.com\/en\/author\/gaellecueff\/"}]}},"jetpack_publicize_connections":[],"jetpack_featured_media_url":"","jetpack_sharing_enabled":true,"jetpack_shortlink":"https:\/\/wp.me\/p9YwYR-2Co","jetpack-related-posts":[{"id":10104,"url":"https:\/\/gaelle-cueff-art.com\/en\/2022\/11\/07\/exposition-des-vibrations-de-la-vigne-dans-le-cadre-de-scontri-di-libriacchi-le-8-octobre-2022-au-domaine-castellu-di-barrici-pres-de-sartene\/","url_meta":{"origin":10068,"position":0},"title":"Exposition des &#8220;Vibrations de la vigne&#8221; dans le cadre de Scontri di Libriacchi le 8 octobre 2022 au domaine Castellu di Barrici pr\u00e8s de Sart\u00e8ne","author":"Ga\u00eblle Cueff","date":"07\/11\/2022","format":false,"excerpt":"","rel":"","context":"In &quot;Expositions&quot;","block_context":{"text":"Expositions","link":"https:\/\/gaelle-cueff-art.com\/category\/expositions\/"},"img":{"alt_text":"","src":"https:\/\/i0.wp.com\/gaelle-cueff-art.com\/wp-content\/uploads\/2022\/11\/307034449_829829895049856_7611549507836294050_n-scaled.jpg?resize=350%2C200&ssl=1","width":350,"height":200,"srcset":"https:\/\/i0.wp.com\/gaelle-cueff-art.com\/wp-content\/uploads\/2022\/11\/307034449_829829895049856_7611549507836294050_n-scaled.jpg?resize=350%2C200&ssl=1 1x, https:\/\/i0.wp.com\/gaelle-cueff-art.com\/wp-content\/uploads\/2022\/11\/307034449_829829895049856_7611549507836294050_n-scaled.jpg?resize=525%2C300&ssl=1 1.5x, https:\/\/i0.wp.com\/gaelle-cueff-art.com\/wp-content\/uploads\/2022\/11\/307034449_829829895049856_7611549507836294050_n-scaled.jpg?resize=700%2C400&ssl=1 2x, https:\/\/i0.wp.com\/gaelle-cueff-art.com\/wp-content\/uploads\/2022\/11\/307034449_829829895049856_7611549507836294050_n-scaled.jpg?resize=1050%2C600&ssl=1 3x, https:\/\/i0.wp.com\/gaelle-cueff-art.com\/wp-content\/uploads\/2022\/11\/307034449_829829895049856_7611549507836294050_n-scaled.jpg?resize=1400%2C800&ssl=1 4x"},"classes":[]},{"id":10093,"url":"https:\/\/gaelle-cueff-art.com\/en\/2022\/10\/21\/corse-matin-14-10-22-premiere-edition-des-rencontres-de-livresse-au-castellu-di-baricci\/","url_meta":{"origin":10068,"position":1},"title":"Corse-Matin 14-10-22 : Premi\u00e8re \u00e9dition des Rencontres de Livresse au Castellu di Baricci","author":"Ga\u00eblle Cueff","date":"21\/10\/2022","format":false,"excerpt":"","rel":"","context":"In &quot;Presse&quot;","block_context":{"text":"Presse","link":"https:\/\/gaelle-cueff-art.com\/category\/presse\/"},"img":{"alt_text":"","src":"https:\/\/i0.wp.com\/gaelle-cueff-art.com\/wp-content\/uploads\/2022\/10\/Corse-Matin-12-10-22.jpeg?resize=350%2C200&ssl=1","width":350,"height":200,"srcset":"https:\/\/i0.wp.com\/gaelle-cueff-art.com\/wp-content\/uploads\/2022\/10\/Corse-Matin-12-10-22.jpeg?resize=350%2C200&ssl=1 1x, https:\/\/i0.wp.com\/gaelle-cueff-art.com\/wp-content\/uploads\/2022\/10\/Corse-Matin-12-10-22.jpeg?resize=525%2C300&ssl=1 1.5x, https:\/\/i0.wp.com\/gaelle-cueff-art.com\/wp-content\/uploads\/2022\/10\/Corse-Matin-12-10-22.jpeg?resize=700%2C400&ssl=1 2x"},"classes":[]},{"id":10074,"url":"https:\/\/gaelle-cueff-art.com\/en\/2022\/10\/21\/corse-matin-14-10-22-animu-ouvre-le-festival-des-vignes-entre-les-lignes\/","url_meta":{"origin":10068,"position":2},"title":"Corse-Matin 14-10-22 : Animu ouvre le festival &#8220;Des vignes entre les lignes&#8221;","author":"Ga\u00eblle Cueff","date":"21\/10\/2022","format":false,"excerpt":"","rel":"","context":"In &quot;Presse&quot;","block_context":{"text":"Presse","link":"https:\/\/gaelle-cueff-art.com\/category\/presse\/"},"img":{"alt_text":"","src":"https:\/\/i0.wp.com\/gaelle-cueff-art.com\/wp-content\/uploads\/2022\/10\/Corse-Matin-14-10-22.jpg?resize=350%2C200&ssl=1","width":350,"height":200},"classes":[]},{"id":10084,"url":"https:\/\/gaelle-cueff-art.com\/en\/2022\/10\/21\/menil-info-22-20-22-soiree-corse-a-la-cantina\/","url_meta":{"origin":10068,"position":3},"title":"M\u00e9nil info 22-20-22 : Soir\u00e9e corse \u00e0 la Cantina !","author":"Ga\u00eblle Cueff","date":"21\/10\/2022","format":false,"excerpt":"","rel":"","context":"In &quot;Presse&quot;","block_context":{"text":"Presse","link":"https:\/\/gaelle-cueff-art.com\/category\/presse\/"},"img":{"alt_text":"","src":"https:\/\/i0.wp.com\/gaelle-cueff-art.com\/wp-content\/uploads\/2022\/10\/Me%CC%81nil-info-22-10-22-scaled.jpg?resize=350%2C200&ssl=1","width":350,"height":200,"srcset":"https:\/\/i0.wp.com\/gaelle-cueff-art.com\/wp-content\/uploads\/2022\/10\/Me%CC%81nil-info-22-10-22-scaled.jpg?resize=350%2C200&ssl=1 1x, https:\/\/i0.wp.com\/gaelle-cueff-art.com\/wp-content\/uploads\/2022\/10\/Me%CC%81nil-info-22-10-22-scaled.jpg?resize=525%2C300&ssl=1 1.5x, https:\/\/i0.wp.com\/gaelle-cueff-art.com\/wp-content\/uploads\/2022\/10\/Me%CC%81nil-info-22-10-22-scaled.jpg?resize=700%2C400&ssl=1 2x, https:\/\/i0.wp.com\/gaelle-cueff-art.com\/wp-content\/uploads\/2022\/10\/Me%CC%81nil-info-22-10-22-scaled.jpg?resize=1050%2C600&ssl=1 3x"},"classes":[]},{"id":6621,"url":"https:\/\/gaelle-cueff-art.com\/en\/2020\/01\/16\/exposition-a-bruxelles-du-22-au-26-janvier-2020-la-promenade-du-collectionneur-hotel-solvay\/","url_meta":{"origin":10068,"position":4},"title":"Exposition \u00e0 Bruxelles du 22 au 26 janvier 2020 : &#8220;La Promenade du collectionneur&#8221;, H\u00f4tel Solvay","author":"Ga\u00eblle Cueff","date":"16\/01\/2020","format":false,"excerpt":"La Promenade du Collectionneur H\u00f4tel Solvay - Bruxelles 22 au 26 janvier 2020 Du mercredi 22 au dimanche 26 janvier 2020, pour sa 10\u00e8me exposition \u00e0 Bruxelles,\u00a0maison parisienne\u00a0s\u2019installera \u00e0 l\u2019H\u00f4tel Solvay. Autour d\u2019une collection contemporaine quelque peu insolite, vous d\u00e9couvrirez une s\u00e9lection in\u00e9dite d\u2019oeuvres r\u00e9v\u00e9l\u00e9es dans un lieu Art Nouveau\u2026","rel":"","context":"In &quot;Expositions&quot;","block_context":{"text":"Expositions","link":"https:\/\/gaelle-cueff-art.com\/category\/expositions\/"},"img":{"alt_text":"","src":"https:\/\/i0.wp.com\/gaelle-cueff-art.com\/wp-content\/uploads\/2020\/01\/Capture-de%CC%81cran-2020-01-16-18.42.30.png?resize=350%2C200&ssl=1","width":350,"height":200,"srcset":"https:\/\/i0.wp.com\/gaelle-cueff-art.com\/wp-content\/uploads\/2020\/01\/Capture-de%CC%81cran-2020-01-16-18.42.30.png?resize=350%2C200&ssl=1 1x, https:\/\/i0.wp.com\/gaelle-cueff-art.com\/wp-content\/uploads\/2020\/01\/Capture-de%CC%81cran-2020-01-16-18.42.30.png?resize=525%2C300&ssl=1 1.5x, https:\/\/i0.wp.com\/gaelle-cueff-art.com\/wp-content\/uploads\/2020\/01\/Capture-de%CC%81cran-2020-01-16-18.42.30.png?resize=700%2C400&ssl=1 2x"},"classes":[]},{"id":11108,"url":"https:\/\/gaelle-cueff-art.com\/en\/2023\/07\/26\/telerama-le-festival-litteraire-breton-lete-des-13-dimanches-tire-sa-reverence-huelgoat-est-un-haut-lieu-pour-limaginaire-24-07-2023\/","url_meta":{"origin":10068,"position":5},"title":"T\u00e9l\u00e9rama : Le festival litt\u00e9raire breton L\u2019\u00c9t\u00e9 des 13\u00a0dimanches tire sa r\u00e9v\u00e9rence\u00a0: \u201cHuelgoat est un haut lieu pour l\u2019imaginaire\u201d (24-07-2023)","author":"Ga\u00eblle Cueff","date":"26\/07\/2023","format":false,"excerpt":"https:\/\/www.telerama.fr\/livre\/le-festival-litteraire-breton-l-ete-des-13-dimanches-tire-sa-reverence-huelgoat-est-un-haut-lieu-pour-l-imaginaire-7016551.php?fbclid=IwAR15YkgqH8CmytROq4VImkWcK7D07aoiiqkxbQ92XRoD-iwGes62_5tqgAg Derni\u00e8re \u00e9dition du festival \"L'Et\u00e9 des 13 dimanches\" autour du th\u00e8me \"D\u00e9sir d'espoir\" \u00e0 l'Ecole des filles de Huelgoat, du 27 au 30 juillet 2023. Quatre apr\u00e8s-midis d'\u00e9changes et une exposition,\u2026","rel":"","context":"In &quot;Presse&quot;","block_context":{"text":"Presse","link":"https:\/\/gaelle-cueff-art.com\/category\/presse\/"},"img":{"alt_text":"","src":"","width":0,"height":0},"classes":[]}],"_links":{"self":[{"href":"https:\/\/gaelle-cueff-art.com\/en\/wp-json\/wp\/v2\/posts\/10068","targetHints":{"allow":["GET"]}}],"collection":[{"href":"https:\/\/gaelle-cueff-art.com\/en\/wp-json\/wp\/v2\/posts"}],"about":[{"href":"https:\/\/gaelle-cueff-art.com\/en\/wp-json\/wp\/v2\/types\/post"}],"author":[{"embeddable":true,"href":"https:\/\/gaelle-cueff-art.com\/en\/wp-json\/wp\/v2\/users\/208"}],"replies":[{"embeddable":true,"href":"https:\/\/gaelle-cueff-art.com\/en\/wp-json\/wp\/v2\/comments?post=10068"}],"version-history":[{"count":1,"href":"https:\/\/gaelle-cueff-art.com\/en\/wp-json\/wp\/v2\/posts\/10068\/revisions"}],"predecessor-version":[{"id":10071,"href":"https:\/\/gaelle-cueff-art.com\/en\/wp-json\/wp\/v2\/posts\/10068\/revisions\/10071"}],"wp:attachment":[{"href":"https:\/\/gaelle-cueff-art.com\/en\/wp-json\/wp\/v2\/media?parent=10068"}],"wp:term":[{"taxonomy":"category","embeddable":true,"href":"https:\/\/gaelle-cueff-art.com\/en\/wp-json\/wp\/v2\/categories?post=10068"},{"taxonomy":"post_tag","embeddable":true,"href":"https:\/\/gaelle-cueff-art.com\/en\/wp-json\/wp\/v2\/tags?post=10068"}],"curies":[{"name":"wp","href":"https:\/\/api.w.org\/{rel}","templated":true}]}}