{"id":10031,"date":"2022-09-01T17:14:54","date_gmt":"2022-09-01T15:14:54","guid":{"rendered":"https:\/\/gaelle-cueff-art.com\/?p=10031"},"modified":"2023-01-16T09:55:20","modified_gmt":"2023-01-16T07:55:20","slug":"artcite-exposition-collective-foisonnement-du-22-septembre-au-22-octobre-2022-a-fontenay-bois","status":"publish","type":"post","link":"https:\/\/gaelle-cueff-art.com\/en\/2022\/09\/01\/artcite-exposition-collective-foisonnement-du-22-septembre-au-22-octobre-2022-a-fontenay-bois\/","title":{"rendered":"Artcit\u00e9 : exposition collective &#8220;Foisonnement&#8221; du 22 septembre au 22 octobre 2022 \u00e0 Fontenay\/Bois"},"content":{"rendered":"<figure class=\"wp-block-image size-large\"><img data-recalc-dims=\"1\" loading=\"lazy\" decoding=\"async\" width=\"1024\" height=\"724\" src=\"https:\/\/i0.wp.com\/gaelle-cueff-art.com\/wp-content\/uploads\/2022\/09\/Invitation-Artcite%CC%81-2022-net-1.jpg?resize=1024%2C724&#038;ssl=1\" alt=\"\" class=\"wp-image-10033\" srcset=\"https:\/\/i0.wp.com\/gaelle-cueff-art.com\/wp-content\/uploads\/2022\/09\/Invitation-Artcite%CC%81-2022-net-1.jpg?resize=1024%2C724&amp;ssl=1 1024w, https:\/\/i0.wp.com\/gaelle-cueff-art.com\/wp-content\/uploads\/2022\/09\/Invitation-Artcite%CC%81-2022-net-1.jpg?resize=300%2C212&amp;ssl=1 300w, https:\/\/i0.wp.com\/gaelle-cueff-art.com\/wp-content\/uploads\/2022\/09\/Invitation-Artcite%CC%81-2022-net-1.jpg?resize=768%2C543&amp;ssl=1 768w, https:\/\/i0.wp.com\/gaelle-cueff-art.com\/wp-content\/uploads\/2022\/09\/Invitation-Artcite%CC%81-2022-net-1.jpg?resize=1536%2C1086&amp;ssl=1 1536w, https:\/\/i0.wp.com\/gaelle-cueff-art.com\/wp-content\/uploads\/2022\/09\/Invitation-Artcite%CC%81-2022-net-1.jpg?resize=400%2C283&amp;ssl=1 400w, https:\/\/i0.wp.com\/gaelle-cueff-art.com\/wp-content\/uploads\/2022\/09\/Invitation-Artcite%CC%81-2022-net-1.jpg?resize=1080%2C764&amp;ssl=1 1080w, https:\/\/i0.wp.com\/gaelle-cueff-art.com\/wp-content\/uploads\/2022\/09\/Invitation-Artcite%CC%81-2022-net-1.jpg?resize=1280%2C905&amp;ssl=1 1280w, https:\/\/i0.wp.com\/gaelle-cueff-art.com\/wp-content\/uploads\/2022\/09\/Invitation-Artcite%CC%81-2022-net-1.jpg?resize=980%2C693&amp;ssl=1 980w, https:\/\/i0.wp.com\/gaelle-cueff-art.com\/wp-content\/uploads\/2022\/09\/Invitation-Artcite%CC%81-2022-net-1.jpg?resize=480%2C339&amp;ssl=1 480w, https:\/\/i0.wp.com\/gaelle-cueff-art.com\/wp-content\/uploads\/2022\/09\/Invitation-Artcite%CC%81-2022-net-1.jpg?resize=510%2C361&amp;ssl=1 510w, https:\/\/i0.wp.com\/gaelle-cueff-art.com\/wp-content\/uploads\/2022\/09\/Invitation-Artcite%CC%81-2022-net-1.jpg?w=1754&amp;ssl=1 1754w\" sizes=\"(max-width: 1024px) 100vw, 1024px\" \/><\/figure>\n","protected":false},"excerpt":{"rendered":"","protected":false},"author":208,"featured_media":0,"comment_status":"closed","ping_status":"closed","sticky":false,"template":"","format":"standard","meta":{"_et_pb_use_builder":"on","_et_pb_old_content":"","_et_gb_content_width":"","om_disable_all_campaigns":false,"_monsterinsights_skip_tracking":false,"_monsterinsights_sitenote_active":false,"_monsterinsights_sitenote_note":"","_monsterinsights_sitenote_category":0,"_uf_show_specific_survey":0,"_uf_disable_surveys":false,"jetpack_post_was_ever_published":false,"_jetpack_newsletter_access":"","_jetpack_dont_email_post_to_subs":false,"_jetpack_newsletter_tier_id":0,"_jetpack_memberships_contains_paywalled_content":false,"_jetpack_memberships_contains_paid_content":false,"footnotes":"","jetpack_publicize_message":"","jetpack_publicize_feature_enabled":true,"jetpack_social_post_already_shared":true,"jetpack_social_options":{"image_generator_settings":{"template":"highway","default_image_id":0,"font":"","enabled":false},"version":2}},"categories":[44],"tags":[],"class_list":["post-10031","post","type-post","status-publish","format-standard","hentry","category-expositions"],"aioseo_notices":[],"yoast_head":"<!-- This site is optimized with the Yoast SEO plugin v27.0 - https:\/\/yoast.com\/product\/yoast-seo-wordpress\/ -->\n<title>Artcit\u00e9 : exposition collective &quot;Foisonnement&quot; du 22 septembre au 22 octobre 2022 \u00e0 Fontenay\/Bois - Ga\u00eblle Cueff Art<\/title>\n<meta name=\"robots\" content=\"index, follow, max-snippet:-1, max-image-preview:large, max-video-preview:-1\" \/>\n<link rel=\"canonical\" href=\"https:\/\/gaelle-cueff-art.com\/2022\/09\/01\/artcite-exposition-collective-foisonnement-du-22-septembre-au-22-octobre-2022-a-fontenay-bois\/\" \/>\n<meta property=\"og:locale\" content=\"en_US\" \/>\n<meta property=\"og:type\" content=\"article\" \/>\n<meta property=\"og:title\" content=\"Artcit\u00e9 : exposition collective &quot;Foisonnement&quot; du 22 septembre au 22 octobre 2022 \u00e0 Fontenay\/Bois - Ga\u00eblle Cueff Art\" \/>\n<meta property=\"og:url\" content=\"https:\/\/gaelle-cueff-art.com\/2022\/09\/01\/artcite-exposition-collective-foisonnement-du-22-septembre-au-22-octobre-2022-a-fontenay-bois\/\" \/>\n<meta property=\"og:site_name\" content=\"Ga\u00eblle Cueff Art\" \/>\n<meta property=\"article:author\" content=\"https:\/\/www.facebook.com\/GaelleCueffArt\" \/>\n<meta property=\"article:published_time\" content=\"2022-09-01T15:14:54+00:00\" \/>\n<meta property=\"article:modified_time\" content=\"2023-01-16T07:55:20+00:00\" \/>\n<meta name=\"author\" content=\"Ga\u00eblle Cueff\" \/>\n<meta name=\"twitter:card\" content=\"summary_large_image\" \/>\n<meta name=\"twitter:label1\" content=\"Written by\" \/>\n\t<meta name=\"twitter:data1\" content=\"Ga\u00eblle Cueff\" \/>\n\t<meta name=\"twitter:label2\" content=\"Est. reading time\" \/>\n\t<meta name=\"twitter:data2\" content=\"1 minute\" \/>\n<script type=\"application\/ld+json\" class=\"yoast-schema-graph\">{\"@context\":\"https:\/\/schema.org\",\"@graph\":[{\"@type\":\"Article\",\"@id\":\"https:\/\/gaelle-cueff-art.com\/2022\/09\/01\/artcite-exposition-collective-foisonnement-du-22-septembre-au-22-octobre-2022-a-fontenay-bois\/#article\",\"isPartOf\":{\"@id\":\"https:\/\/gaelle-cueff-art.com\/2022\/09\/01\/artcite-exposition-collective-foisonnement-du-22-septembre-au-22-octobre-2022-a-fontenay-bois\/\"},\"author\":{\"name\":\"Ga\u00eblle Cueff\",\"@id\":\"https:\/\/gaelle-cueff-art.com\/#\/schema\/person\/4e3bddd36eb4b3be101c018a46b52b89\"},\"headline\":\"Artcit\u00e9 : exposition collective &#8220;Foisonnement&#8221; du 22 septembre au 22 octobre 2022 \u00e0 Fontenay\/Bois\",\"datePublished\":\"2022-09-01T15:14:54+00:00\",\"dateModified\":\"2023-01-16T07:55:20+00:00\",\"mainEntityOfPage\":{\"@id\":\"https:\/\/gaelle-cueff-art.com\/2022\/09\/01\/artcite-exposition-collective-foisonnement-du-22-septembre-au-22-octobre-2022-a-fontenay-bois\/\"},\"wordCount\":10,\"articleSection\":[\"Expositions\"],\"inLanguage\":\"en-US\"},{\"@type\":\"WebPage\",\"@id\":\"https:\/\/gaelle-cueff-art.com\/2022\/09\/01\/artcite-exposition-collective-foisonnement-du-22-septembre-au-22-octobre-2022-a-fontenay-bois\/\",\"url\":\"https:\/\/gaelle-cueff-art.com\/2022\/09\/01\/artcite-exposition-collective-foisonnement-du-22-septembre-au-22-octobre-2022-a-fontenay-bois\/\",\"name\":\"Artcit\u00e9 : exposition collective \\\"Foisonnement\\\" du 22 septembre au 22 octobre 2022 \u00e0 Fontenay\/Bois - Ga\u00eblle Cueff Art\",\"isPartOf\":{\"@id\":\"https:\/\/gaelle-cueff-art.com\/#website\"},\"datePublished\":\"2022-09-01T15:14:54+00:00\",\"dateModified\":\"2023-01-16T07:55:20+00:00\",\"author\":{\"@id\":\"https:\/\/gaelle-cueff-art.com\/#\/schema\/person\/4e3bddd36eb4b3be101c018a46b52b89\"},\"breadcrumb\":{\"@id\":\"https:\/\/gaelle-cueff-art.com\/2022\/09\/01\/artcite-exposition-collective-foisonnement-du-22-septembre-au-22-octobre-2022-a-fontenay-bois\/#breadcrumb\"},\"inLanguage\":\"en-US\",\"potentialAction\":[{\"@type\":\"ReadAction\",\"target\":[\"https:\/\/gaelle-cueff-art.com\/2022\/09\/01\/artcite-exposition-collective-foisonnement-du-22-septembre-au-22-octobre-2022-a-fontenay-bois\/\"]}]},{\"@type\":\"BreadcrumbList\",\"@id\":\"https:\/\/gaelle-cueff-art.com\/2022\/09\/01\/artcite-exposition-collective-foisonnement-du-22-septembre-au-22-octobre-2022-a-fontenay-bois\/#breadcrumb\",\"itemListElement\":[{\"@type\":\"ListItem\",\"position\":1,\"name\":\"Home\",\"item\":\"https:\/\/gaelle-cueff-art.com\/\"},{\"@type\":\"ListItem\",\"position\":2,\"name\":\"Artcit\u00e9 : exposition collective \u00ab\u00a0Foisonnement\u00a0\u00bb du 22 septembre au 22 octobre 2022 \u00e0 Fontenay\/Bois\"}]},{\"@type\":\"WebSite\",\"@id\":\"https:\/\/gaelle-cueff-art.com\/#website\",\"url\":\"https:\/\/gaelle-cueff-art.com\/\",\"name\":\"Ga\u00eblle Cueff Art\",\"description\":\"\",\"potentialAction\":[{\"@type\":\"SearchAction\",\"target\":{\"@type\":\"EntryPoint\",\"urlTemplate\":\"https:\/\/gaelle-cueff-art.com\/?s={search_term_string}\"},\"query-input\":{\"@type\":\"PropertyValueSpecification\",\"valueRequired\":true,\"valueName\":\"search_term_string\"}}],\"inLanguage\":\"en-US\"},{\"@type\":\"Person\",\"@id\":\"https:\/\/gaelle-cueff-art.com\/#\/schema\/person\/4e3bddd36eb4b3be101c018a46b52b89\",\"name\":\"Ga\u00eblle Cueff\",\"sameAs\":[\"https:\/\/www.facebook.com\/GaelleCueffArt\",\"https:\/\/www.instagram.com\/gaellecueffart\/\"],\"url\":\"https:\/\/gaelle-cueff-art.com\/en\/author\/gaellecueff\/\"}]}<\/script>\n<!-- \/ Yoast SEO plugin. -->","yoast_head_json":{"title":"Artcit\u00e9 : exposition collective \"Foisonnement\" du 22 septembre au 22 octobre 2022 \u00e0 Fontenay\/Bois - Ga\u00eblle Cueff Art","robots":{"index":"index","follow":"follow","max-snippet":"max-snippet:-1","max-image-preview":"max-image-preview:large","max-video-preview":"max-video-preview:-1"},"canonical":"https:\/\/gaelle-cueff-art.com\/2022\/09\/01\/artcite-exposition-collective-foisonnement-du-22-septembre-au-22-octobre-2022-a-fontenay-bois\/","og_locale":"en_US","og_type":"article","og_title":"Artcit\u00e9 : exposition collective \"Foisonnement\" du 22 septembre au 22 octobre 2022 \u00e0 Fontenay\/Bois - Ga\u00eblle Cueff Art","og_url":"https:\/\/gaelle-cueff-art.com\/2022\/09\/01\/artcite-exposition-collective-foisonnement-du-22-septembre-au-22-octobre-2022-a-fontenay-bois\/","og_site_name":"Ga\u00eblle Cueff Art","article_author":"https:\/\/www.facebook.com\/GaelleCueffArt","article_published_time":"2022-09-01T15:14:54+00:00","article_modified_time":"2023-01-16T07:55:20+00:00","author":"Ga\u00eblle Cueff","twitter_card":"summary_large_image","twitter_misc":{"Written by":"Ga\u00eblle Cueff","Est. reading time":"1 minute"},"schema":{"@context":"https:\/\/schema.org","@graph":[{"@type":"Article","@id":"https:\/\/gaelle-cueff-art.com\/2022\/09\/01\/artcite-exposition-collective-foisonnement-du-22-septembre-au-22-octobre-2022-a-fontenay-bois\/#article","isPartOf":{"@id":"https:\/\/gaelle-cueff-art.com\/2022\/09\/01\/artcite-exposition-collective-foisonnement-du-22-septembre-au-22-octobre-2022-a-fontenay-bois\/"},"author":{"name":"Ga\u00eblle Cueff","@id":"https:\/\/gaelle-cueff-art.com\/#\/schema\/person\/4e3bddd36eb4b3be101c018a46b52b89"},"headline":"Artcit\u00e9 : exposition collective &#8220;Foisonnement&#8221; du 22 septembre au 22 octobre 2022 \u00e0 Fontenay\/Bois","datePublished":"2022-09-01T15:14:54+00:00","dateModified":"2023-01-16T07:55:20+00:00","mainEntityOfPage":{"@id":"https:\/\/gaelle-cueff-art.com\/2022\/09\/01\/artcite-exposition-collective-foisonnement-du-22-septembre-au-22-octobre-2022-a-fontenay-bois\/"},"wordCount":10,"articleSection":["Expositions"],"inLanguage":"en-US"},{"@type":"WebPage","@id":"https:\/\/gaelle-cueff-art.com\/2022\/09\/01\/artcite-exposition-collective-foisonnement-du-22-septembre-au-22-octobre-2022-a-fontenay-bois\/","url":"https:\/\/gaelle-cueff-art.com\/2022\/09\/01\/artcite-exposition-collective-foisonnement-du-22-septembre-au-22-octobre-2022-a-fontenay-bois\/","name":"Artcit\u00e9 : exposition collective \"Foisonnement\" du 22 septembre au 22 octobre 2022 \u00e0 Fontenay\/Bois - Ga\u00eblle Cueff Art","isPartOf":{"@id":"https:\/\/gaelle-cueff-art.com\/#website"},"datePublished":"2022-09-01T15:14:54+00:00","dateModified":"2023-01-16T07:55:20+00:00","author":{"@id":"https:\/\/gaelle-cueff-art.com\/#\/schema\/person\/4e3bddd36eb4b3be101c018a46b52b89"},"breadcrumb":{"@id":"https:\/\/gaelle-cueff-art.com\/2022\/09\/01\/artcite-exposition-collective-foisonnement-du-22-septembre-au-22-octobre-2022-a-fontenay-bois\/#breadcrumb"},"inLanguage":"en-US","potentialAction":[{"@type":"ReadAction","target":["https:\/\/gaelle-cueff-art.com\/2022\/09\/01\/artcite-exposition-collective-foisonnement-du-22-septembre-au-22-octobre-2022-a-fontenay-bois\/"]}]},{"@type":"BreadcrumbList","@id":"https:\/\/gaelle-cueff-art.com\/2022\/09\/01\/artcite-exposition-collective-foisonnement-du-22-septembre-au-22-octobre-2022-a-fontenay-bois\/#breadcrumb","itemListElement":[{"@type":"ListItem","position":1,"name":"Home","item":"https:\/\/gaelle-cueff-art.com\/"},{"@type":"ListItem","position":2,"name":"Artcit\u00e9 : exposition collective \u00ab\u00a0Foisonnement\u00a0\u00bb du 22 septembre au 22 octobre 2022 \u00e0 Fontenay\/Bois"}]},{"@type":"WebSite","@id":"https:\/\/gaelle-cueff-art.com\/#website","url":"https:\/\/gaelle-cueff-art.com\/","name":"Ga\u00eblle Cueff Art","description":"","potentialAction":[{"@type":"SearchAction","target":{"@type":"EntryPoint","urlTemplate":"https:\/\/gaelle-cueff-art.com\/?s={search_term_string}"},"query-input":{"@type":"PropertyValueSpecification","valueRequired":true,"valueName":"search_term_string"}}],"inLanguage":"en-US"},{"@type":"Person","@id":"https:\/\/gaelle-cueff-art.com\/#\/schema\/person\/4e3bddd36eb4b3be101c018a46b52b89","name":"Ga\u00eblle Cueff","sameAs":["https:\/\/www.facebook.com\/GaelleCueffArt","https:\/\/www.instagram.com\/gaellecueffart\/"],"url":"https:\/\/gaelle-cueff-art.com\/en\/author\/gaellecueff\/"}]}},"jetpack_publicize_connections":[],"jetpack_featured_media_url":"","jetpack_sharing_enabled":true,"jetpack_shortlink":"https:\/\/wp.me\/p9YwYR-2BN","jetpack-related-posts":[{"id":9476,"url":"https:\/\/gaelle-cueff-art.com\/en\/2021\/11\/22\/exposition-collective-cent_titres-atelier-rochebrune-76-artistes-156-oeuvres-du-10-au-12-et-du-16-au-18-decembre-2021\/","url_meta":{"origin":10031,"position":0},"title":"Exposition collective Cent_titre(s) &#8211; Atelier Rochebrune, 76 artistes, 156 oeuvres, du 10 au 12 et du 16 au 18 d\u00e9cembre 2021.","author":"Ga\u00eblle Cueff","date":"22\/11\/2021","format":false,"excerpt":"","rel":"","context":"In &quot;Expositions&quot;","block_context":{"text":"Expositions","link":"https:\/\/gaelle-cueff-art.com\/category\/expositions\/"},"img":{"alt_text":"","src":"","width":0,"height":0},"classes":[]},{"id":9468,"url":"https:\/\/gaelle-cueff-art.com\/en\/2021\/11\/22\/exposition-de-la-serie-empreintes-dans-la-librairie-artcurial-du-21-octobre-au-13-novembre-2021\/","url_meta":{"origin":10031,"position":1},"title":"Exposition de la s\u00e9rie &#8220;Empreintes&#8221; dans la librairie Artcurial du 21 octobre au 13 novembre 2021","author":"Ga\u00eblle Cueff","date":"22\/11\/2021","format":false,"excerpt":"","rel":"","context":"In &quot;Expositions&quot;","block_context":{"text":"Expositions","link":"https:\/\/gaelle-cueff-art.com\/category\/expositions\/"},"img":{"alt_text":"","src":"","width":0,"height":0},"classes":[]},{"id":6621,"url":"https:\/\/gaelle-cueff-art.com\/en\/2020\/01\/16\/exposition-a-bruxelles-du-22-au-26-janvier-2020-la-promenade-du-collectionneur-hotel-solvay\/","url_meta":{"origin":10031,"position":2},"title":"Exposition \u00e0 Bruxelles du 22 au 26 janvier 2020 : &#8220;La Promenade du collectionneur&#8221;, H\u00f4tel Solvay","author":"Ga\u00eblle Cueff","date":"16\/01\/2020","format":false,"excerpt":"La Promenade du Collectionneur H\u00f4tel Solvay - Bruxelles 22 au 26 janvier 2020 Du mercredi 22 au dimanche 26 janvier 2020, pour sa 10\u00e8me exposition \u00e0 Bruxelles,\u00a0maison parisienne\u00a0s\u2019installera \u00e0 l\u2019H\u00f4tel Solvay. Autour d\u2019une collection contemporaine quelque peu insolite, vous d\u00e9couvrirez une s\u00e9lection in\u00e9dite d\u2019oeuvres r\u00e9v\u00e9l\u00e9es dans un lieu Art Nouveau\u2026","rel":"","context":"In &quot;Expositions&quot;","block_context":{"text":"Expositions","link":"https:\/\/gaelle-cueff-art.com\/category\/expositions\/"},"img":{"alt_text":"","src":"https:\/\/i0.wp.com\/gaelle-cueff-art.com\/wp-content\/uploads\/2020\/01\/Capture-de%CC%81cran-2020-01-16-18.42.30.png?resize=350%2C200&ssl=1","width":350,"height":200,"srcset":"https:\/\/i0.wp.com\/gaelle-cueff-art.com\/wp-content\/uploads\/2020\/01\/Capture-de%CC%81cran-2020-01-16-18.42.30.png?resize=350%2C200&ssl=1 1x, https:\/\/i0.wp.com\/gaelle-cueff-art.com\/wp-content\/uploads\/2020\/01\/Capture-de%CC%81cran-2020-01-16-18.42.30.png?resize=525%2C300&ssl=1 1.5x, https:\/\/i0.wp.com\/gaelle-cueff-art.com\/wp-content\/uploads\/2020\/01\/Capture-de%CC%81cran-2020-01-16-18.42.30.png?resize=700%2C400&ssl=1 2x"},"classes":[]},{"id":10146,"url":"https:\/\/gaelle-cueff-art.com\/en\/2022\/12\/06\/exposition-collective-petits-formats-a-ivry-sur-seine-les-10-et-11-decembre-2022\/","url_meta":{"origin":10031,"position":3},"title":"Exposition collective &#8220;Petits formats&#8221; \u00e0 Ivry-sur-Seine les 10 et 11 d\u00e9cembre 2022","author":"Ga\u00eblle Cueff","date":"06\/12\/2022","format":false,"excerpt":"","rel":"","context":"In &quot;Expositions&quot;","block_context":{"text":"Expositions","link":"https:\/\/gaelle-cueff-art.com\/category\/expositions\/"},"img":{"alt_text":"","src":"","width":0,"height":0},"classes":[]},{"id":6164,"url":"https:\/\/gaelle-cueff-art.com\/en\/2019\/10\/07\/exposition-au-ballardworks-exhibits-group-show-a-seattle-le-17-octobre-2019\/","url_meta":{"origin":10031,"position":4},"title":"Exposition au BallardWorks Exhibits Group Show \u00e0 Seattle le 17 octobre 2019","author":"Ga\u00eblle Cueff","date":"07\/10\/2019","format":false,"excerpt":"","rel":"","context":"In &quot;Expositions&quot;","block_context":{"text":"Expositions","link":"https:\/\/gaelle-cueff-art.com\/category\/expositions\/"},"img":{"alt_text":"","src":"","width":0,"height":0},"classes":[]},{"id":10108,"url":"https:\/\/gaelle-cueff-art.com\/en\/2022\/11\/07\/exposition-des-vibrations-de-la-vigne-a-la-mediatheque-de-porto-vecchio-en-off-du-festival-des-vignes-entre-les-lignes-du-7-au-17-octobre-2022\/","url_meta":{"origin":10031,"position":5},"title":"Exposition des &#8220;Vibrations de la vigne&#8221; \u00e0 la m\u00e9diath\u00e8que de Porto Vecchio en off du festival &#8220;Des Vignes entre les Lignes&#8221;, du 7 au 17 octobre 2022.","author":"Ga\u00eblle Cueff","date":"07\/11\/2022","format":false,"excerpt":"","rel":"","context":"In &quot;Expositions&quot;","block_context":{"text":"Expositions","link":"https:\/\/gaelle-cueff-art.com\/category\/expositions\/"},"img":{"alt_text":"","src":"https:\/\/i0.wp.com\/gaelle-cueff-art.com\/wp-content\/uploads\/2022\/11\/306305420_499127811557806_3724268374878603144_n-scaled.jpg?resize=350%2C200&ssl=1","width":350,"height":200,"srcset":"https:\/\/i0.wp.com\/gaelle-cueff-art.com\/wp-content\/uploads\/2022\/11\/306305420_499127811557806_3724268374878603144_n-scaled.jpg?resize=350%2C200&ssl=1 1x, https:\/\/i0.wp.com\/gaelle-cueff-art.com\/wp-content\/uploads\/2022\/11\/306305420_499127811557806_3724268374878603144_n-scaled.jpg?resize=525%2C300&ssl=1 1.5x, https:\/\/i0.wp.com\/gaelle-cueff-art.com\/wp-content\/uploads\/2022\/11\/306305420_499127811557806_3724268374878603144_n-scaled.jpg?resize=700%2C400&ssl=1 2x, https:\/\/i0.wp.com\/gaelle-cueff-art.com\/wp-content\/uploads\/2022\/11\/306305420_499127811557806_3724268374878603144_n-scaled.jpg?resize=1050%2C600&ssl=1 3x, https:\/\/i0.wp.com\/gaelle-cueff-art.com\/wp-content\/uploads\/2022\/11\/306305420_499127811557806_3724268374878603144_n-scaled.jpg?resize=1400%2C800&ssl=1 4x"},"classes":[]}],"_links":{"self":[{"href":"https:\/\/gaelle-cueff-art.com\/en\/wp-json\/wp\/v2\/posts\/10031","targetHints":{"allow":["GET"]}}],"collection":[{"href":"https:\/\/gaelle-cueff-art.com\/en\/wp-json\/wp\/v2\/posts"}],"about":[{"href":"https:\/\/gaelle-cueff-art.com\/en\/wp-json\/wp\/v2\/types\/post"}],"author":[{"embeddable":true,"href":"https:\/\/gaelle-cueff-art.com\/en\/wp-json\/wp\/v2\/users\/208"}],"replies":[{"embeddable":true,"href":"https:\/\/gaelle-cueff-art.com\/en\/wp-json\/wp\/v2\/comments?post=10031"}],"version-history":[{"count":3,"href":"https:\/\/gaelle-cueff-art.com\/en\/wp-json\/wp\/v2\/posts\/10031\/revisions"}],"predecessor-version":[{"id":10611,"href":"https:\/\/gaelle-cueff-art.com\/en\/wp-json\/wp\/v2\/posts\/10031\/revisions\/10611"}],"wp:attachment":[{"href":"https:\/\/gaelle-cueff-art.com\/en\/wp-json\/wp\/v2\/media?parent=10031"}],"wp:term":[{"taxonomy":"category","embeddable":true,"href":"https:\/\/gaelle-cueff-art.com\/en\/wp-json\/wp\/v2\/categories?post=10031"},{"taxonomy":"post_tag","embeddable":true,"href":"https:\/\/gaelle-cueff-art.com\/en\/wp-json\/wp\/v2\/tags?post=10031"}],"curies":[{"name":"wp","href":"https:\/\/api.w.org\/{rel}","templated":true}]}}